{"id":114,"date":"2022-02-07T11:21:09","date_gmt":"2022-02-07T11:21:09","guid":{"rendered":"https:\/\/www.sonnevillas.com\/blog\/?p=114"},"modified":"2022-02-08T18:07:39","modified_gmt":"2022-02-08T18:07:39","slug":"faros-de-menorca","status":"publish","type":"post","link":"https:\/\/www.sonnevillas.com\/blog\/faros-de-menorca\/","title":{"rendered":"Faros de Menorca"},"content":{"rendered":"\n<p class=\"has-medium-font-size\"><strong>Menorca, la isla de los siete faros.<\/strong><\/p>\n\n\n\n<p class=\"has-medium-font-size\"><strong>Los faros siempre han sido una fuente de inspiraci\u00f3n<\/strong>, quiz\u00e1s por lo que representan, por los bellos paisajes en los que est\u00e1n ubicados, por su imponente tama\u00f1o, por sus historias o seguramente sea el conjunto de todas esas cosas las que los hacen tener esta magia y cierto magnetismo en nosotros.<\/p>\n\n\n\n<p class=\"has-medium-font-size\"><strong>Cada vez son m\u00e1s las personas que se acercan a estos lugares para observar las espectaculares puestas de sol que ofrece la isla.<\/strong> Te animamos a descubrir los principales faros de Menorca, estas son nuestras recomendaciones.<\/p>\n\n\n\n<p class=\"has-medium-font-size\">Por sus ubicaciones y vistas <strong>les recomendamos especialmente los siguientes faros.<\/strong>  <\/p>\n\n\n\n<p><\/p>\n\n\n\n<p class=\"has-large-font-size\">Faro de Cavaller\u00eda<\/p>\n\n\n\n<figure class=\"wp-block-image size-full is-resized\"><img loading=\"lazy\" decoding=\"async\" src=\"https:\/\/www.sonnevillas.com\/blog\/wp-content\/uploads\/2022\/02\/sunset-menorca-puesta-sol-sonne.jpg\" alt=\"\" class=\"wp-image-116\" width=\"638\" height=\"425\" srcset=\"https:\/\/www.sonnevillas.com\/blog\/wp-content\/uploads\/2022\/02\/sunset-menorca-puesta-sol-sonne.jpg 850w, https:\/\/www.sonnevillas.com\/blog\/wp-content\/uploads\/2022\/02\/sunset-menorca-puesta-sol-sonne-360x240.jpg 360w, https:\/\/www.sonnevillas.com\/blog\/wp-content\/uploads\/2022\/02\/sunset-menorca-puesta-sol-sonne-768x512.jpg 768w\" sizes=\"auto, (max-width: 638px) 100vw, 638px\" \/><\/figure>\n\n\n\n<p class=\"has-medium-font-size\">Situado en el Cabo de Cavaller\u00eda, muy pr\u00f3ximo a la playa hom\u00f3nima, se sit\u00faa este imponente faro a m\u00e1s de 90 metros sobre el nivel del mar. <strong>Un perfecto escenario para despedirse del d\u00eda viendo como desaparece el sol sobre el mar. <\/strong><\/p>\n\n\n\n<p><\/p>\n\n\n\n<p class=\"has-large-font-size\">Faro de Fav\u00e0ritx<\/p>\n\n\n\n<figure class=\"wp-block-image size-full is-resized\"><img loading=\"lazy\" decoding=\"async\" src=\"https:\/\/www.sonnevillas.com\/blog\/wp-content\/uploads\/2022\/02\/menorca-descubre-faro-favaritx-sonne-villas.jpg\" alt=\"\" class=\"wp-image-119\" width=\"638\" height=\"360\" srcset=\"https:\/\/www.sonnevillas.com\/blog\/wp-content\/uploads\/2022\/02\/menorca-descubre-faro-favaritx-sonne-villas.jpg 850w, https:\/\/www.sonnevillas.com\/blog\/wp-content\/uploads\/2022\/02\/menorca-descubre-faro-favaritx-sonne-villas-768x434.jpg 768w\" sizes=\"auto, (max-width: 638px) 100vw, 638px\" \/><\/figure>\n\n\n\n<p class=\"has-medium-font-size\">Probablemente este sea el faro m\u00e1s fotog\u00e9nico de Menorca. Situado en un bello y abrupto paisaje, de aspecto casi lunar, <strong>este faro ofrece un perfecto escenario para los amantes de la fotograf\u00eda.<\/strong> Se encuentra muy pr\u00f3ximo a las playas naturales de Presili y Tortuga. <\/p>\n\n\n\n<p><\/p>\n\n\n\n<p class=\"has-large-font-size\">Faro de Punta Nati<\/p>\n\n\n\n<figure class=\"wp-block-image size-full is-resized\"><img loading=\"lazy\" decoding=\"async\" src=\"https:\/\/www.sonnevillas.com\/blog\/wp-content\/uploads\/2022\/02\/sonne-punta-nati-faro-lighthouse-menorca-villas.jpg\" alt=\"\" class=\"wp-image-122\" width=\"638\" height=\"425\" srcset=\"https:\/\/www.sonnevillas.com\/blog\/wp-content\/uploads\/2022\/02\/sonne-punta-nati-faro-lighthouse-menorca-villas.jpg 850w, https:\/\/www.sonnevillas.com\/blog\/wp-content\/uploads\/2022\/02\/sonne-punta-nati-faro-lighthouse-menorca-villas-360x240.jpg 360w, https:\/\/www.sonnevillas.com\/blog\/wp-content\/uploads\/2022\/02\/sonne-punta-nati-faro-lighthouse-menorca-villas-768x512.jpg 768w\" sizes=\"auto, (max-width: 638px) 100vw, 638px\" \/><\/figure>\n\n\n\n<p class=\"has-medium-font-size\"><strong>Situado en la zona norte de Ciutadella<\/strong>, en un entorno casi desierto y completamente salvaje, <strong>se erige el Faro de Punta Nati<\/strong>. Un lugar perfecto para observar la puesta de sol sobre el mar y disfrutar del bello pasisaje que ofrece el camino rural que conduce a este hermoso lugar. <\/p>\n\n\n\n<p><\/p>\n\n\n\n<p>Faro de la Isla del Aire<\/p>\n\n\n\n<figure class=\"wp-block-image size-full is-resized\"><img loading=\"lazy\" decoding=\"async\" src=\"https:\/\/www.sonnevillas.com\/blog\/wp-content\/uploads\/2022\/02\/faro-aire.jpg\" alt=\"\" class=\"wp-image-125\" width=\"750\" height=\"422\" srcset=\"https:\/\/www.sonnevillas.com\/blog\/wp-content\/uploads\/2022\/02\/faro-aire.jpg 1000w, https:\/\/www.sonnevillas.com\/blog\/wp-content\/uploads\/2022\/02\/faro-aire-768x432.jpg 768w\" sizes=\"auto, (max-width: 750px) 100vw, 750px\" \/><figcaption><sub>Foto: Mikel Llambias<\/sub><\/figcaption><\/figure>\n\n\n\n<p class=\"has-medium-font-size\"><br>Adem\u00e1s, <strong>si disponen de embarcaci\u00f3n<\/strong> y se encuentran cerca de la zona del levante menorqu\u00edn, <strong>les recomendamos visitar el faro de la isla del Aire<\/strong> y observar las famosas lagartijas negras end\u00e9micas de la isla.<\/p>\n\n\n\n<p><\/p>\n\n\n\n<p class=\"has-medium-font-size\">Si desea visitar Menorca, y descubrir sentir toda la m<strong>agia que desprenden sus faros<\/strong>,<a href=\"http:\/\/www.sonnevillas.com\" target=\"_blank\" rel=\"noreferrer noopener\"> no dude en visitar todos los alojamientos que les ofrece Sonne Villas. <\/a><\/p>\n","protected":false},"excerpt":{"rendered":"<p>Menorca, la isla de los siete faros. Los faros siempre han sido una fuente de inspiraci\u00f3n, quiz\u00e1s por lo que&#8230;<\/p>\n","protected":false},"author":2,"featured_media":24,"comment_status":"open","ping_status":"open","sticky":false,"template":"","format":"standard","meta":{"footnotes":""},"categories":[19],"tags":[],"class_list":["post-114","post","type-post","status-publish","format-standard","has-post-thumbnail","hentry","category-faros"],"yoast_head":"<!-- This site is optimized with the Yoast SEO plugin v27.5 - https:\/\/yoast.com\/product\/yoast-seo-wordpress\/ -->\n<title>Faros de Menorca - Blog<\/title>\n<meta name=\"robots\" content=\"index, follow, max-snippet:-1, max-image-preview:large, max-video-preview:-1\" \/>\n<link rel=\"canonical\" href=\"https:\/\/www.sonnevillas.com\/blog\/faros-de-menorca\/\" \/>\n<meta property=\"og:locale\" content=\"es_ES\" \/>\n<meta property=\"og:type\" content=\"article\" \/>\n<meta property=\"og:title\" content=\"Faros de Menorca - Blog\" \/>\n<meta property=\"og:description\" content=\"Menorca, la isla de los siete faros. Los faros siempre han sido una fuente de inspiraci\u00f3n, quiz\u00e1s por lo que...\" \/>\n<meta property=\"og:url\" content=\"https:\/\/www.sonnevillas.com\/blog\/faros-de-menorca\/\" \/>\n<meta property=\"og:site_name\" content=\"Blog\" \/>\n<meta property=\"article:published_time\" content=\"2022-02-07T11:21:09+00:00\" \/>\n<meta property=\"article:modified_time\" content=\"2022-02-08T18:07:39+00:00\" \/>\n<meta property=\"og:image\" content=\"https:\/\/www.sonnevillas.com\/blog\/wp-content\/uploads\/2021\/12\/2-menorca-descubre-faro-favaritx-sonne-villas-scaled.jpg\" \/>\n\t<meta property=\"og:image:width\" content=\"2560\" \/>\n\t<meta property=\"og:image:height\" content=\"1447\" \/>\n\t<meta property=\"og:image:type\" content=\"image\/jpeg\" \/>\n<meta name=\"author\" content=\"sonnevillas\" \/>\n<meta name=\"twitter:card\" content=\"summary_large_image\" \/>\n<meta name=\"twitter:label1\" content=\"Escrito por\" \/>\n\t<meta name=\"twitter:data1\" content=\"sonnevillas\" \/>\n\t<meta name=\"twitter:label2\" content=\"Tiempo de lectura\" \/>\n\t<meta name=\"twitter:data2\" content=\"3 minutos\" \/>\n<script type=\"application\/ld+json\" class=\"yoast-schema-graph\">{\"@context\":\"https:\\\/\\\/schema.org\",\"@graph\":[{\"@type\":\"Article\",\"@id\":\"https:\\\/\\\/www.sonnevillas.com\\\/blog\\\/faros-de-menorca\\\/#article\",\"isPartOf\":{\"@id\":\"https:\\\/\\\/www.sonnevillas.com\\\/blog\\\/faros-de-menorca\\\/\"},\"author\":{\"name\":\"sonnevillas\",\"@id\":\"https:\\\/\\\/www.sonnevillas.com\\\/blog\\\/#\\\/schema\\\/person\\\/9ffed7521881a8e6f2446a03f1e3978a\"},\"headline\":\"Faros de Menorca\",\"datePublished\":\"2022-02-07T11:21:09+00:00\",\"dateModified\":\"2022-02-08T18:07:39+00:00\",\"mainEntityOfPage\":{\"@id\":\"https:\\\/\\\/www.sonnevillas.com\\\/blog\\\/faros-de-menorca\\\/\"},\"wordCount\":344,\"commentCount\":0,\"image\":{\"@id\":\"https:\\\/\\\/www.sonnevillas.com\\\/blog\\\/faros-de-menorca\\\/#primaryimage\"},\"thumbnailUrl\":\"https:\\\/\\\/www.sonnevillas.com\\\/blog\\\/wp-content\\\/uploads\\\/2021\\\/12\\\/2-menorca-descubre-faro-favaritx-sonne-villas-scaled.jpg\",\"articleSection\":[\"Faros\"],\"inLanguage\":\"es\",\"potentialAction\":[{\"@type\":\"CommentAction\",\"name\":\"Comment\",\"target\":[\"https:\\\/\\\/www.sonnevillas.com\\\/blog\\\/faros-de-menorca\\\/#respond\"]}]},{\"@type\":\"WebPage\",\"@id\":\"https:\\\/\\\/www.sonnevillas.com\\\/blog\\\/faros-de-menorca\\\/\",\"url\":\"https:\\\/\\\/www.sonnevillas.com\\\/blog\\\/faros-de-menorca\\\/\",\"name\":\"Faros de Menorca - Blog\",\"isPartOf\":{\"@id\":\"https:\\\/\\\/www.sonnevillas.com\\\/blog\\\/#website\"},\"primaryImageOfPage\":{\"@id\":\"https:\\\/\\\/www.sonnevillas.com\\\/blog\\\/faros-de-menorca\\\/#primaryimage\"},\"image\":{\"@id\":\"https:\\\/\\\/www.sonnevillas.com\\\/blog\\\/faros-de-menorca\\\/#primaryimage\"},\"thumbnailUrl\":\"https:\\\/\\\/www.sonnevillas.com\\\/blog\\\/wp-content\\\/uploads\\\/2021\\\/12\\\/2-menorca-descubre-faro-favaritx-sonne-villas-scaled.jpg\",\"datePublished\":\"2022-02-07T11:21:09+00:00\",\"dateModified\":\"2022-02-08T18:07:39+00:00\",\"author\":{\"@id\":\"https:\\\/\\\/www.sonnevillas.com\\\/blog\\\/#\\\/schema\\\/person\\\/9ffed7521881a8e6f2446a03f1e3978a\"},\"breadcrumb\":{\"@id\":\"https:\\\/\\\/www.sonnevillas.com\\\/blog\\\/faros-de-menorca\\\/#breadcrumb\"},\"inLanguage\":\"es\",\"potentialAction\":[{\"@type\":\"ReadAction\",\"target\":[\"https:\\\/\\\/www.sonnevillas.com\\\/blog\\\/faros-de-menorca\\\/\"]}]},{\"@type\":\"ImageObject\",\"inLanguage\":\"es\",\"@id\":\"https:\\\/\\\/www.sonnevillas.com\\\/blog\\\/faros-de-menorca\\\/#primaryimage\",\"url\":\"https:\\\/\\\/www.sonnevillas.com\\\/blog\\\/wp-content\\\/uploads\\\/2021\\\/12\\\/2-menorca-descubre-faro-favaritx-sonne-villas-scaled.jpg\",\"contentUrl\":\"https:\\\/\\\/www.sonnevillas.com\\\/blog\\\/wp-content\\\/uploads\\\/2021\\\/12\\\/2-menorca-descubre-faro-favaritx-sonne-villas-scaled.jpg\",\"width\":2560,\"height\":1447,\"caption\":\"descubre Menorca\"},{\"@type\":\"BreadcrumbList\",\"@id\":\"https:\\\/\\\/www.sonnevillas.com\\\/blog\\\/faros-de-menorca\\\/#breadcrumb\",\"itemListElement\":[{\"@type\":\"ListItem\",\"position\":1,\"name\":\"Portada\",\"item\":\"https:\\\/\\\/www.sonnevillas.com\\\/blog\\\/\"},{\"@type\":\"ListItem\",\"position\":2,\"name\":\"Faros de Menorca\"}]},{\"@type\":\"WebSite\",\"@id\":\"https:\\\/\\\/www.sonnevillas.com\\\/blog\\\/#website\",\"url\":\"https:\\\/\\\/www.sonnevillas.com\\\/blog\\\/\",\"name\":\"Blog\",\"description\":\"SonneVillas\",\"potentialAction\":[{\"@type\":\"SearchAction\",\"target\":{\"@type\":\"EntryPoint\",\"urlTemplate\":\"https:\\\/\\\/www.sonnevillas.com\\\/blog\\\/?s={search_term_string}\"},\"query-input\":{\"@type\":\"PropertyValueSpecification\",\"valueRequired\":true,\"valueName\":\"search_term_string\"}}],\"inLanguage\":\"es\"},{\"@type\":\"Person\",\"@id\":\"https:\\\/\\\/www.sonnevillas.com\\\/blog\\\/#\\\/schema\\\/person\\\/9ffed7521881a8e6f2446a03f1e3978a\",\"name\":\"sonnevillas\",\"image\":{\"@type\":\"ImageObject\",\"inLanguage\":\"es\",\"@id\":\"https:\\\/\\\/secure.gravatar.com\\\/avatar\\\/5b6e10531a703617cb3d4787bbea306c12ba0b63576de8d4a782ca99f9d6e622?s=96&d=mm&r=g\",\"url\":\"https:\\\/\\\/secure.gravatar.com\\\/avatar\\\/5b6e10531a703617cb3d4787bbea306c12ba0b63576de8d4a782ca99f9d6e622?s=96&d=mm&r=g\",\"contentUrl\":\"https:\\\/\\\/secure.gravatar.com\\\/avatar\\\/5b6e10531a703617cb3d4787bbea306c12ba0b63576de8d4a782ca99f9d6e622?s=96&d=mm&r=g\",\"caption\":\"sonnevillas\"},\"url\":\"https:\\\/\\\/www.sonnevillas.com\\\/blog\\\/author\\\/sonnevillas\\\/\"}]}<\/script>\n<!-- \/ Yoast SEO plugin. -->","yoast_head_json":{"title":"Faros de Menorca - Blog","robots":{"index":"index","follow":"follow","max-snippet":"max-snippet:-1","max-image-preview":"max-image-preview:large","max-video-preview":"max-video-preview:-1"},"canonical":"https:\/\/www.sonnevillas.com\/blog\/faros-de-menorca\/","og_locale":"es_ES","og_type":"article","og_title":"Faros de Menorca - Blog","og_description":"Menorca, la isla de los siete faros. Los faros siempre han sido una fuente de inspiraci\u00f3n, quiz\u00e1s por lo que...","og_url":"https:\/\/www.sonnevillas.com\/blog\/faros-de-menorca\/","og_site_name":"Blog","article_published_time":"2022-02-07T11:21:09+00:00","article_modified_time":"2022-02-08T18:07:39+00:00","og_image":[{"width":2560,"height":1447,"url":"https:\/\/www.sonnevillas.com\/blog\/wp-content\/uploads\/2021\/12\/2-menorca-descubre-faro-favaritx-sonne-villas-scaled.jpg","type":"image\/jpeg"}],"author":"sonnevillas","twitter_card":"summary_large_image","twitter_misc":{"Escrito por":"sonnevillas","Tiempo de lectura":"3 minutos"},"schema":{"@context":"https:\/\/schema.org","@graph":[{"@type":"Article","@id":"https:\/\/www.sonnevillas.com\/blog\/faros-de-menorca\/#article","isPartOf":{"@id":"https:\/\/www.sonnevillas.com\/blog\/faros-de-menorca\/"},"author":{"name":"sonnevillas","@id":"https:\/\/www.sonnevillas.com\/blog\/#\/schema\/person\/9ffed7521881a8e6f2446a03f1e3978a"},"headline":"Faros de Menorca","datePublished":"2022-02-07T11:21:09+00:00","dateModified":"2022-02-08T18:07:39+00:00","mainEntityOfPage":{"@id":"https:\/\/www.sonnevillas.com\/blog\/faros-de-menorca\/"},"wordCount":344,"commentCount":0,"image":{"@id":"https:\/\/www.sonnevillas.com\/blog\/faros-de-menorca\/#primaryimage"},"thumbnailUrl":"https:\/\/www.sonnevillas.com\/blog\/wp-content\/uploads\/2021\/12\/2-menorca-descubre-faro-favaritx-sonne-villas-scaled.jpg","articleSection":["Faros"],"inLanguage":"es","potentialAction":[{"@type":"CommentAction","name":"Comment","target":["https:\/\/www.sonnevillas.com\/blog\/faros-de-menorca\/#respond"]}]},{"@type":"WebPage","@id":"https:\/\/www.sonnevillas.com\/blog\/faros-de-menorca\/","url":"https:\/\/www.sonnevillas.com\/blog\/faros-de-menorca\/","name":"Faros de Menorca - Blog","isPartOf":{"@id":"https:\/\/www.sonnevillas.com\/blog\/#website"},"primaryImageOfPage":{"@id":"https:\/\/www.sonnevillas.com\/blog\/faros-de-menorca\/#primaryimage"},"image":{"@id":"https:\/\/www.sonnevillas.com\/blog\/faros-de-menorca\/#primaryimage"},"thumbnailUrl":"https:\/\/www.sonnevillas.com\/blog\/wp-content\/uploads\/2021\/12\/2-menorca-descubre-faro-favaritx-sonne-villas-scaled.jpg","datePublished":"2022-02-07T11:21:09+00:00","dateModified":"2022-02-08T18:07:39+00:00","author":{"@id":"https:\/\/www.sonnevillas.com\/blog\/#\/schema\/person\/9ffed7521881a8e6f2446a03f1e3978a"},"breadcrumb":{"@id":"https:\/\/www.sonnevillas.com\/blog\/faros-de-menorca\/#breadcrumb"},"inLanguage":"es","potentialAction":[{"@type":"ReadAction","target":["https:\/\/www.sonnevillas.com\/blog\/faros-de-menorca\/"]}]},{"@type":"ImageObject","inLanguage":"es","@id":"https:\/\/www.sonnevillas.com\/blog\/faros-de-menorca\/#primaryimage","url":"https:\/\/www.sonnevillas.com\/blog\/wp-content\/uploads\/2021\/12\/2-menorca-descubre-faro-favaritx-sonne-villas-scaled.jpg","contentUrl":"https:\/\/www.sonnevillas.com\/blog\/wp-content\/uploads\/2021\/12\/2-menorca-descubre-faro-favaritx-sonne-villas-scaled.jpg","width":2560,"height":1447,"caption":"descubre Menorca"},{"@type":"BreadcrumbList","@id":"https:\/\/www.sonnevillas.com\/blog\/faros-de-menorca\/#breadcrumb","itemListElement":[{"@type":"ListItem","position":1,"name":"Portada","item":"https:\/\/www.sonnevillas.com\/blog\/"},{"@type":"ListItem","position":2,"name":"Faros de Menorca"}]},{"@type":"WebSite","@id":"https:\/\/www.sonnevillas.com\/blog\/#website","url":"https:\/\/www.sonnevillas.com\/blog\/","name":"Blog","description":"SonneVillas","potentialAction":[{"@type":"SearchAction","target":{"@type":"EntryPoint","urlTemplate":"https:\/\/www.sonnevillas.com\/blog\/?s={search_term_string}"},"query-input":{"@type":"PropertyValueSpecification","valueRequired":true,"valueName":"search_term_string"}}],"inLanguage":"es"},{"@type":"Person","@id":"https:\/\/www.sonnevillas.com\/blog\/#\/schema\/person\/9ffed7521881a8e6f2446a03f1e3978a","name":"sonnevillas","image":{"@type":"ImageObject","inLanguage":"es","@id":"https:\/\/secure.gravatar.com\/avatar\/5b6e10531a703617cb3d4787bbea306c12ba0b63576de8d4a782ca99f9d6e622?s=96&d=mm&r=g","url":"https:\/\/secure.gravatar.com\/avatar\/5b6e10531a703617cb3d4787bbea306c12ba0b63576de8d4a782ca99f9d6e622?s=96&d=mm&r=g","contentUrl":"https:\/\/secure.gravatar.com\/avatar\/5b6e10531a703617cb3d4787bbea306c12ba0b63576de8d4a782ca99f9d6e622?s=96&d=mm&r=g","caption":"sonnevillas"},"url":"https:\/\/www.sonnevillas.com\/blog\/author\/sonnevillas\/"}]}},"_links":{"self":[{"href":"https:\/\/www.sonnevillas.com\/blog\/wp-json\/wp\/v2\/posts\/114","targetHints":{"allow":["GET"]}}],"collection":[{"href":"https:\/\/www.sonnevillas.com\/blog\/wp-json\/wp\/v2\/posts"}],"about":[{"href":"https:\/\/www.sonnevillas.com\/blog\/wp-json\/wp\/v2\/types\/post"}],"author":[{"embeddable":true,"href":"https:\/\/www.sonnevillas.com\/blog\/wp-json\/wp\/v2\/users\/2"}],"replies":[{"embeddable":true,"href":"https:\/\/www.sonnevillas.com\/blog\/wp-json\/wp\/v2\/comments?post=114"}],"version-history":[{"count":3,"href":"https:\/\/www.sonnevillas.com\/blog\/wp-json\/wp\/v2\/posts\/114\/revisions"}],"predecessor-version":[{"id":149,"href":"https:\/\/www.sonnevillas.com\/blog\/wp-json\/wp\/v2\/posts\/114\/revisions\/149"}],"wp:featuredmedia":[{"embeddable":true,"href":"https:\/\/www.sonnevillas.com\/blog\/wp-json\/wp\/v2\/media\/24"}],"wp:attachment":[{"href":"https:\/\/www.sonnevillas.com\/blog\/wp-json\/wp\/v2\/media?parent=114"}],"wp:term":[{"taxonomy":"category","embeddable":true,"href":"https:\/\/www.sonnevillas.com\/blog\/wp-json\/wp\/v2\/categories?post=114"},{"taxonomy":"post_tag","embeddable":true,"href":"https:\/\/www.sonnevillas.com\/blog\/wp-json\/wp\/v2\/tags?post=114"}],"curies":[{"name":"wp","href":"https:\/\/api.w.org\/{rel}","templated":true}]}}