{"id":129,"date":"2022-02-08T12:55:55","date_gmt":"2022-02-08T12:55:55","guid":{"rendered":"https:\/\/www.sonnevillas.com\/blog\/?p=129"},"modified":"2022-02-08T18:02:40","modified_gmt":"2022-02-08T18:02:40","slug":"menorca-talayotica","status":"publish","type":"post","link":"https:\/\/www.sonnevillas.com\/blog\/menorca-talayotica\/","title":{"rendered":"Menorca Talay\u00f3tica"},"content":{"rendered":"\n<p class=\"has-medium-font-size\">Menorca es mucho m\u00e1s que sol y playa, tambi\u00e9n es un museo al aire libre sobre la <strong>cultura talay\u00f3tica<\/strong>. Pese a su reducida extensi\u00f3n la isla cuenta con 1574 yacimientos arqueol\u00f3gicos. Un gran patrimonio prehist\u00f3rico que merece la pena descubrir.<\/p>\n\n\n\n<p class=\"has-medium-font-size\">De hecho, <strong>actualmente Menorca Talay\u00f3tica es candidata para que sea declarada patrimonio mundial de la humanidad<\/strong>. En el siguiente enlace puede dar su apoyo a la candidatura de Menorca, as\u00ed como tambi\u00e9n podr\u00e1 encontrar toda la informaci\u00f3n disponible sobre la cultura talay\u00f3tica, visitas, yacimientos y mucho m\u00e1s.<\/p>\n\n\n\n<p class=\"has-medium-font-size\"><a href=\"http:\/\/www.menorcatalayotica.info\/\" target=\"_blank\" rel=\"noreferrer noopener\">Toda la informaci\u00f3n sobre Menorca Talay\u00f3tica<\/a> <br><br>Por extensi\u00f3n, facilidad de acceso y estado de conservaci\u00f3n les recomendamos visitar especialmente, entre muchos otros, los yacimientos de <strong>Talat\u00ed de Dalt, Torralba d\u2019en Salort, Torre d\u2019en Galm\u00e9s, Trepuc\u00f3 y Son Catlar.  <\/strong><\/p>\n\n\n\n<p class=\"has-medium-font-size\"><strong>Torralba d&#8217;en Salort<\/strong><\/p>\n\n\n\n<figure class=\"wp-block-image size-full is-resized\"><img loading=\"lazy\" decoding=\"async\" src=\"https:\/\/www.sonnevillas.com\/blog\/wp-content\/uploads\/2022\/02\/torralba-salord-sonne-villas-menorca.jpg\" alt=\"\" class=\"wp-image-133\" width=\"638\" height=\"428\" srcset=\"https:\/\/www.sonnevillas.com\/blog\/wp-content\/uploads\/2022\/02\/torralba-salord-sonne-villas-menorca.jpg 850w, https:\/\/www.sonnevillas.com\/blog\/wp-content\/uploads\/2022\/02\/torralba-salord-sonne-villas-menorca-768x516.jpg 768w\" sizes=\"auto, (max-width: 638px) 100vw, 638px\" \/><\/figure>\n\n\n\n<p><\/p>\n\n\n\n<p class=\"has-medium-font-size\"><strong>Trepuc\u00f3<\/strong><\/p>\n\n\n\n<figure class=\"wp-block-image size-large is-resized\"><img loading=\"lazy\" decoding=\"async\" src=\"https:\/\/www.sonnevillas.com\/blog\/wp-content\/uploads\/2022\/02\/trepuco-menorca-sonne-villas-850x630.jpg\" alt=\"\" class=\"wp-image-136\" width=\"638\" height=\"473\"\/><\/figure>\n\n\n\n<p><\/p>\n\n\n\n<p class=\"has-medium-font-size\"><strong>Talat\u00ed de Dalt<\/strong><\/p>\n\n\n\n<figure class=\"wp-block-image size-large is-resized\"><img loading=\"lazy\" decoding=\"async\" src=\"https:\/\/www.sonnevillas.com\/blog\/wp-content\/uploads\/2022\/02\/talati-de-dalt-menorca-sonne-villas-1-850x630.jpg\" alt=\"\" class=\"wp-image-139\" width=\"638\" height=\"473\"\/><\/figure>\n\n\n\n<p><\/p>\n\n\n\n<p>Si desea visitar Menorca y conocer de primera mano la cultura talay\u00f3tica, <strong>puede hospedarse en uno de nuestros alojamientos visitando nuestra web:<\/strong> <a href=\"http:\/\/www.sonnevillas.com\" target=\"_blank\" rel=\"noreferrer noopener\">\u00a1S\u00ed, quiero visitar Menorca!<\/a><\/p>\n","protected":false},"excerpt":{"rendered":"<p>Menorca es mucho m\u00e1s que sol y playa, tambi\u00e9n es un museo al aire libre sobre la cultura talay\u00f3tica. Pese&#8230;<\/p>\n","protected":false},"author":2,"featured_media":130,"comment_status":"open","ping_status":"open","sticky":false,"template":"","format":"standard","meta":{"footnotes":""},"categories":[20],"tags":[],"class_list":["post-129","post","type-post","status-publish","format-standard","has-post-thumbnail","hentry","category-menorca-talayotica"],"yoast_head":"<!-- This site is optimized with the Yoast SEO plugin v27.5 - https:\/\/yoast.com\/product\/yoast-seo-wordpress\/ -->\n<title>Menorca Talay\u00f3tica - Blog<\/title>\n<meta name=\"robots\" content=\"index, follow, max-snippet:-1, max-image-preview:large, max-video-preview:-1\" \/>\n<link rel=\"canonical\" href=\"https:\/\/www.sonnevillas.com\/blog\/menorca-talayotica\/\" \/>\n<meta property=\"og:locale\" content=\"es_ES\" \/>\n<meta property=\"og:type\" content=\"article\" \/>\n<meta property=\"og:title\" content=\"Menorca Talay\u00f3tica - Blog\" \/>\n<meta property=\"og:description\" content=\"Menorca es mucho m\u00e1s que sol y playa, tambi\u00e9n es un museo al aire libre sobre la cultura talay\u00f3tica. Pese...\" \/>\n<meta property=\"og:url\" content=\"https:\/\/www.sonnevillas.com\/blog\/menorca-talayotica\/\" \/>\n<meta property=\"og:site_name\" content=\"Blog\" \/>\n<meta property=\"article:published_time\" content=\"2022-02-08T12:55:55+00:00\" \/>\n<meta property=\"article:modified_time\" content=\"2022-02-08T18:02:40+00:00\" \/>\n<meta property=\"og:image\" content=\"https:\/\/www.sonnevillas.com\/blog\/wp-content\/uploads\/2022\/02\/talati-de-dalt-menorca-sonne-villas.jpg\" \/>\n\t<meta property=\"og:image:width\" content=\"850\" \/>\n\t<meta property=\"og:image:height\" content=\"691\" \/>\n\t<meta property=\"og:image:type\" content=\"image\/jpeg\" \/>\n<meta name=\"author\" content=\"sonnevillas\" \/>\n<meta name=\"twitter:card\" content=\"summary_large_image\" \/>\n<meta name=\"twitter:label1\" content=\"Escrito por\" \/>\n\t<meta name=\"twitter:data1\" content=\"sonnevillas\" \/>\n\t<meta name=\"twitter:label2\" content=\"Tiempo de lectura\" \/>\n\t<meta name=\"twitter:data2\" content=\"2 minutos\" \/>\n<script type=\"application\/ld+json\" class=\"yoast-schema-graph\">{\"@context\":\"https:\\\/\\\/schema.org\",\"@graph\":[{\"@type\":\"Article\",\"@id\":\"https:\\\/\\\/www.sonnevillas.com\\\/blog\\\/menorca-talayotica\\\/#article\",\"isPartOf\":{\"@id\":\"https:\\\/\\\/www.sonnevillas.com\\\/blog\\\/menorca-talayotica\\\/\"},\"author\":{\"name\":\"sonnevillas\",\"@id\":\"https:\\\/\\\/www.sonnevillas.com\\\/blog\\\/#\\\/schema\\\/person\\\/9ffed7521881a8e6f2446a03f1e3978a\"},\"headline\":\"Menorca Talay\u00f3tica\",\"datePublished\":\"2022-02-08T12:55:55+00:00\",\"dateModified\":\"2022-02-08T18:02:40+00:00\",\"mainEntityOfPage\":{\"@id\":\"https:\\\/\\\/www.sonnevillas.com\\\/blog\\\/menorca-talayotica\\\/\"},\"wordCount\":180,\"commentCount\":0,\"image\":{\"@id\":\"https:\\\/\\\/www.sonnevillas.com\\\/blog\\\/menorca-talayotica\\\/#primaryimage\"},\"thumbnailUrl\":\"https:\\\/\\\/www.sonnevillas.com\\\/blog\\\/wp-content\\\/uploads\\\/2022\\\/02\\\/talati-de-dalt-menorca-sonne-villas.jpg\",\"articleSection\":[\"Menorca talay\u00f3tica\"],\"inLanguage\":\"es\",\"potentialAction\":[{\"@type\":\"CommentAction\",\"name\":\"Comment\",\"target\":[\"https:\\\/\\\/www.sonnevillas.com\\\/blog\\\/menorca-talayotica\\\/#respond\"]}]},{\"@type\":\"WebPage\",\"@id\":\"https:\\\/\\\/www.sonnevillas.com\\\/blog\\\/menorca-talayotica\\\/\",\"url\":\"https:\\\/\\\/www.sonnevillas.com\\\/blog\\\/menorca-talayotica\\\/\",\"name\":\"Menorca Talay\u00f3tica - Blog\",\"isPartOf\":{\"@id\":\"https:\\\/\\\/www.sonnevillas.com\\\/blog\\\/#website\"},\"primaryImageOfPage\":{\"@id\":\"https:\\\/\\\/www.sonnevillas.com\\\/blog\\\/menorca-talayotica\\\/#primaryimage\"},\"image\":{\"@id\":\"https:\\\/\\\/www.sonnevillas.com\\\/blog\\\/menorca-talayotica\\\/#primaryimage\"},\"thumbnailUrl\":\"https:\\\/\\\/www.sonnevillas.com\\\/blog\\\/wp-content\\\/uploads\\\/2022\\\/02\\\/talati-de-dalt-menorca-sonne-villas.jpg\",\"datePublished\":\"2022-02-08T12:55:55+00:00\",\"dateModified\":\"2022-02-08T18:02:40+00:00\",\"author\":{\"@id\":\"https:\\\/\\\/www.sonnevillas.com\\\/blog\\\/#\\\/schema\\\/person\\\/9ffed7521881a8e6f2446a03f1e3978a\"},\"breadcrumb\":{\"@id\":\"https:\\\/\\\/www.sonnevillas.com\\\/blog\\\/menorca-talayotica\\\/#breadcrumb\"},\"inLanguage\":\"es\",\"potentialAction\":[{\"@type\":\"ReadAction\",\"target\":[\"https:\\\/\\\/www.sonnevillas.com\\\/blog\\\/menorca-talayotica\\\/\"]}]},{\"@type\":\"ImageObject\",\"inLanguage\":\"es\",\"@id\":\"https:\\\/\\\/www.sonnevillas.com\\\/blog\\\/menorca-talayotica\\\/#primaryimage\",\"url\":\"https:\\\/\\\/www.sonnevillas.com\\\/blog\\\/wp-content\\\/uploads\\\/2022\\\/02\\\/talati-de-dalt-menorca-sonne-villas.jpg\",\"contentUrl\":\"https:\\\/\\\/www.sonnevillas.com\\\/blog\\\/wp-content\\\/uploads\\\/2022\\\/02\\\/talati-de-dalt-menorca-sonne-villas.jpg\",\"width\":850,\"height\":691},{\"@type\":\"BreadcrumbList\",\"@id\":\"https:\\\/\\\/www.sonnevillas.com\\\/blog\\\/menorca-talayotica\\\/#breadcrumb\",\"itemListElement\":[{\"@type\":\"ListItem\",\"position\":1,\"name\":\"Portada\",\"item\":\"https:\\\/\\\/www.sonnevillas.com\\\/blog\\\/\"},{\"@type\":\"ListItem\",\"position\":2,\"name\":\"Menorca Talay\u00f3tica\"}]},{\"@type\":\"WebSite\",\"@id\":\"https:\\\/\\\/www.sonnevillas.com\\\/blog\\\/#website\",\"url\":\"https:\\\/\\\/www.sonnevillas.com\\\/blog\\\/\",\"name\":\"Blog\",\"description\":\"SonneVillas\",\"potentialAction\":[{\"@type\":\"SearchAction\",\"target\":{\"@type\":\"EntryPoint\",\"urlTemplate\":\"https:\\\/\\\/www.sonnevillas.com\\\/blog\\\/?s={search_term_string}\"},\"query-input\":{\"@type\":\"PropertyValueSpecification\",\"valueRequired\":true,\"valueName\":\"search_term_string\"}}],\"inLanguage\":\"es\"},{\"@type\":\"Person\",\"@id\":\"https:\\\/\\\/www.sonnevillas.com\\\/blog\\\/#\\\/schema\\\/person\\\/9ffed7521881a8e6f2446a03f1e3978a\",\"name\":\"sonnevillas\",\"image\":{\"@type\":\"ImageObject\",\"inLanguage\":\"es\",\"@id\":\"https:\\\/\\\/secure.gravatar.com\\\/avatar\\\/5b6e10531a703617cb3d4787bbea306c12ba0b63576de8d4a782ca99f9d6e622?s=96&d=mm&r=g\",\"url\":\"https:\\\/\\\/secure.gravatar.com\\\/avatar\\\/5b6e10531a703617cb3d4787bbea306c12ba0b63576de8d4a782ca99f9d6e622?s=96&d=mm&r=g\",\"contentUrl\":\"https:\\\/\\\/secure.gravatar.com\\\/avatar\\\/5b6e10531a703617cb3d4787bbea306c12ba0b63576de8d4a782ca99f9d6e622?s=96&d=mm&r=g\",\"caption\":\"sonnevillas\"},\"url\":\"https:\\\/\\\/www.sonnevillas.com\\\/blog\\\/author\\\/sonnevillas\\\/\"}]}<\/script>\n<!-- \/ Yoast SEO plugin. -->","yoast_head_json":{"title":"Menorca Talay\u00f3tica - Blog","robots":{"index":"index","follow":"follow","max-snippet":"max-snippet:-1","max-image-preview":"max-image-preview:large","max-video-preview":"max-video-preview:-1"},"canonical":"https:\/\/www.sonnevillas.com\/blog\/menorca-talayotica\/","og_locale":"es_ES","og_type":"article","og_title":"Menorca Talay\u00f3tica - Blog","og_description":"Menorca es mucho m\u00e1s que sol y playa, tambi\u00e9n es un museo al aire libre sobre la cultura talay\u00f3tica. Pese...","og_url":"https:\/\/www.sonnevillas.com\/blog\/menorca-talayotica\/","og_site_name":"Blog","article_published_time":"2022-02-08T12:55:55+00:00","article_modified_time":"2022-02-08T18:02:40+00:00","og_image":[{"width":850,"height":691,"url":"https:\/\/www.sonnevillas.com\/blog\/wp-content\/uploads\/2022\/02\/talati-de-dalt-menorca-sonne-villas.jpg","type":"image\/jpeg"}],"author":"sonnevillas","twitter_card":"summary_large_image","twitter_misc":{"Escrito por":"sonnevillas","Tiempo de lectura":"2 minutos"},"schema":{"@context":"https:\/\/schema.org","@graph":[{"@type":"Article","@id":"https:\/\/www.sonnevillas.com\/blog\/menorca-talayotica\/#article","isPartOf":{"@id":"https:\/\/www.sonnevillas.com\/blog\/menorca-talayotica\/"},"author":{"name":"sonnevillas","@id":"https:\/\/www.sonnevillas.com\/blog\/#\/schema\/person\/9ffed7521881a8e6f2446a03f1e3978a"},"headline":"Menorca Talay\u00f3tica","datePublished":"2022-02-08T12:55:55+00:00","dateModified":"2022-02-08T18:02:40+00:00","mainEntityOfPage":{"@id":"https:\/\/www.sonnevillas.com\/blog\/menorca-talayotica\/"},"wordCount":180,"commentCount":0,"image":{"@id":"https:\/\/www.sonnevillas.com\/blog\/menorca-talayotica\/#primaryimage"},"thumbnailUrl":"https:\/\/www.sonnevillas.com\/blog\/wp-content\/uploads\/2022\/02\/talati-de-dalt-menorca-sonne-villas.jpg","articleSection":["Menorca talay\u00f3tica"],"inLanguage":"es","potentialAction":[{"@type":"CommentAction","name":"Comment","target":["https:\/\/www.sonnevillas.com\/blog\/menorca-talayotica\/#respond"]}]},{"@type":"WebPage","@id":"https:\/\/www.sonnevillas.com\/blog\/menorca-talayotica\/","url":"https:\/\/www.sonnevillas.com\/blog\/menorca-talayotica\/","name":"Menorca Talay\u00f3tica - Blog","isPartOf":{"@id":"https:\/\/www.sonnevillas.com\/blog\/#website"},"primaryImageOfPage":{"@id":"https:\/\/www.sonnevillas.com\/blog\/menorca-talayotica\/#primaryimage"},"image":{"@id":"https:\/\/www.sonnevillas.com\/blog\/menorca-talayotica\/#primaryimage"},"thumbnailUrl":"https:\/\/www.sonnevillas.com\/blog\/wp-content\/uploads\/2022\/02\/talati-de-dalt-menorca-sonne-villas.jpg","datePublished":"2022-02-08T12:55:55+00:00","dateModified":"2022-02-08T18:02:40+00:00","author":{"@id":"https:\/\/www.sonnevillas.com\/blog\/#\/schema\/person\/9ffed7521881a8e6f2446a03f1e3978a"},"breadcrumb":{"@id":"https:\/\/www.sonnevillas.com\/blog\/menorca-talayotica\/#breadcrumb"},"inLanguage":"es","potentialAction":[{"@type":"ReadAction","target":["https:\/\/www.sonnevillas.com\/blog\/menorca-talayotica\/"]}]},{"@type":"ImageObject","inLanguage":"es","@id":"https:\/\/www.sonnevillas.com\/blog\/menorca-talayotica\/#primaryimage","url":"https:\/\/www.sonnevillas.com\/blog\/wp-content\/uploads\/2022\/02\/talati-de-dalt-menorca-sonne-villas.jpg","contentUrl":"https:\/\/www.sonnevillas.com\/blog\/wp-content\/uploads\/2022\/02\/talati-de-dalt-menorca-sonne-villas.jpg","width":850,"height":691},{"@type":"BreadcrumbList","@id":"https:\/\/www.sonnevillas.com\/blog\/menorca-talayotica\/#breadcrumb","itemListElement":[{"@type":"ListItem","position":1,"name":"Portada","item":"https:\/\/www.sonnevillas.com\/blog\/"},{"@type":"ListItem","position":2,"name":"Menorca Talay\u00f3tica"}]},{"@type":"WebSite","@id":"https:\/\/www.sonnevillas.com\/blog\/#website","url":"https:\/\/www.sonnevillas.com\/blog\/","name":"Blog","description":"SonneVillas","potentialAction":[{"@type":"SearchAction","target":{"@type":"EntryPoint","urlTemplate":"https:\/\/www.sonnevillas.com\/blog\/?s={search_term_string}"},"query-input":{"@type":"PropertyValueSpecification","valueRequired":true,"valueName":"search_term_string"}}],"inLanguage":"es"},{"@type":"Person","@id":"https:\/\/www.sonnevillas.com\/blog\/#\/schema\/person\/9ffed7521881a8e6f2446a03f1e3978a","name":"sonnevillas","image":{"@type":"ImageObject","inLanguage":"es","@id":"https:\/\/secure.gravatar.com\/avatar\/5b6e10531a703617cb3d4787bbea306c12ba0b63576de8d4a782ca99f9d6e622?s=96&d=mm&r=g","url":"https:\/\/secure.gravatar.com\/avatar\/5b6e10531a703617cb3d4787bbea306c12ba0b63576de8d4a782ca99f9d6e622?s=96&d=mm&r=g","contentUrl":"https:\/\/secure.gravatar.com\/avatar\/5b6e10531a703617cb3d4787bbea306c12ba0b63576de8d4a782ca99f9d6e622?s=96&d=mm&r=g","caption":"sonnevillas"},"url":"https:\/\/www.sonnevillas.com\/blog\/author\/sonnevillas\/"}]}},"_links":{"self":[{"href":"https:\/\/www.sonnevillas.com\/blog\/wp-json\/wp\/v2\/posts\/129","targetHints":{"allow":["GET"]}}],"collection":[{"href":"https:\/\/www.sonnevillas.com\/blog\/wp-json\/wp\/v2\/posts"}],"about":[{"href":"https:\/\/www.sonnevillas.com\/blog\/wp-json\/wp\/v2\/types\/post"}],"author":[{"embeddable":true,"href":"https:\/\/www.sonnevillas.com\/blog\/wp-json\/wp\/v2\/users\/2"}],"replies":[{"embeddable":true,"href":"https:\/\/www.sonnevillas.com\/blog\/wp-json\/wp\/v2\/comments?post=129"}],"version-history":[{"count":3,"href":"https:\/\/www.sonnevillas.com\/blog\/wp-json\/wp\/v2\/posts\/129\/revisions"}],"predecessor-version":[{"id":147,"href":"https:\/\/www.sonnevillas.com\/blog\/wp-json\/wp\/v2\/posts\/129\/revisions\/147"}],"wp:featuredmedia":[{"embeddable":true,"href":"https:\/\/www.sonnevillas.com\/blog\/wp-json\/wp\/v2\/media\/130"}],"wp:attachment":[{"href":"https:\/\/www.sonnevillas.com\/blog\/wp-json\/wp\/v2\/media?parent=129"}],"wp:term":[{"taxonomy":"category","embeddable":true,"href":"https:\/\/www.sonnevillas.com\/blog\/wp-json\/wp\/v2\/categories?post=129"},{"taxonomy":"post_tag","embeddable":true,"href":"https:\/\/www.sonnevillas.com\/blog\/wp-json\/wp\/v2\/tags?post=129"}],"curies":[{"name":"wp","href":"https:\/\/api.w.org\/{rel}","templated":true}]}}