{"id":331,"date":"2024-02-15T07:55:48","date_gmt":"2024-02-15T07:55:48","guid":{"rendered":"https:\/\/www.sonnevillas.com\/blog\/?p=331"},"modified":"2024-02-15T07:57:59","modified_gmt":"2024-02-15T07:57:59","slug":"alquilar-un-coche-en-menorca","status":"publish","type":"post","link":"https:\/\/www.sonnevillas.com\/blog\/alquilar-un-coche-en-menorca\/","title":{"rendered":"\u00bfEs necesario alquilar un coche en Menorca?"},"content":{"rendered":"\n<p class=\"has-medium-font-size\">Esta es una pregunta que la mayor\u00eda de personas que reservan sus vacaciones en Menorca se hacen.<\/p>\n\n\n\n<p class=\"has-medium-font-size\">La respuesta r\u00e1pida a esta pregunta que ofrecemos desde Sonne Villas es que si durante tus vacaciones no tienes la intenci\u00f3n de moverte del resort o urbanizaci\u00f3n no es necesario alquilar un coche, incluso si quieres visitar un d\u00eda ciudades como Ciudadela o Mah\u00f3n no es necesario, dispones de bus o taxis.<\/p>\n\n\n\n<p class=\"has-medium-font-size\">Pero s\u00ed que es altamente recomendable o imprescindible alquilar un coche o una moto si tu plan para tus vacaciones en Menorca es visitar diferentes playas, pueblos y rincones de la isla. En este caso alquilar un coche o una moto es casi obligatorio. <\/p>\n\n\n\n<figure class=\"wp-block-image size-full\"><img loading=\"lazy\" decoding=\"async\" width=\"850\" height=\"567\" src=\"https:\/\/www.sonnevillas.com\/blog\/wp-content\/uploads\/2024\/02\/iStock-1169101729.jpg\" alt=\"\" class=\"wp-image-335\" srcset=\"https:\/\/www.sonnevillas.com\/blog\/wp-content\/uploads\/2024\/02\/iStock-1169101729.jpg 850w, https:\/\/www.sonnevillas.com\/blog\/wp-content\/uploads\/2024\/02\/iStock-1169101729-360x240.jpg 360w, https:\/\/www.sonnevillas.com\/blog\/wp-content\/uploads\/2024\/02\/iStock-1169101729-768x512.jpg 768w\" sizes=\"auto, (max-width: 850px) 100vw, 850px\" \/><\/figure>\n\n\n\n<p class=\"has-medium-font-size\"><br>Las l\u00edneas y frecuencias de autob\u00fas no llegan a la mayor\u00eda de playas y a parte de los principales pueblos las frecuencias pueden ser muy pocas. Por lo que respeta a los taxis, muchos no te van a llevar a las playas v\u00edrgenes al no poder transitar por caminos de tierra y adem\u00e1s no te va a salir rentable desplazarse siempre en taxi. <\/p>\n\n\n\n<p class=\"has-medium-font-size\">Alquilar un coche ofrece una mayor flexibilidad y comodidad para explorar la isla a tu propio ritmo y acceder a lugares m\u00e1s remotos que pueden no ser f\u00e1cilmente alcanzables en transporte p\u00fablico. Puedes descubrir la isla a tu ritmo y si viajas en familia o grupo es incluso la opci\u00f3n m\u00e1s barata. <\/p>\n\n\n\n<p class=\"has-medium-font-size\">Aunque si prefieres no alquilar un coche, a\u00fan puedes moverte por Menorca utilizando el transporte p\u00fablico, como autobuses y taxis, as\u00ed como opciones m\u00e1s activas como andar en bicicleta o caminar. La isla tambi\u00e9n cuenta con servicios de excursiones organizadas y traslados a destinos populares, lo que puede ser una alternativa conveniente si prefieres no conducir.<\/p>\n\n\n\n<p class=\"has-medium-font-size\">En resumen, alquilar un coche puede facilitar tu experiencia de viaje en Menorca, pero no es imprescindible aunque s\u00ed altamente recomendable. Depende de tus preferencias personales, el itinerario de tu viaje y tu comodidad con diferentes formas de transporte.<\/p>\n\n\n\n<figure class=\"wp-block-image size-full\"><img loading=\"lazy\" decoding=\"async\" width=\"850\" height=\"567\" src=\"https:\/\/www.sonnevillas.com\/blog\/wp-content\/uploads\/2024\/02\/son-bou-sonne-menorca-villas.jpeg\" alt=\"\" class=\"wp-image-338\" srcset=\"https:\/\/www.sonnevillas.com\/blog\/wp-content\/uploads\/2024\/02\/son-bou-sonne-menorca-villas.jpeg 850w, https:\/\/www.sonnevillas.com\/blog\/wp-content\/uploads\/2024\/02\/son-bou-sonne-menorca-villas-360x240.jpeg 360w, https:\/\/www.sonnevillas.com\/blog\/wp-content\/uploads\/2024\/02\/son-bou-sonne-menorca-villas-768x512.jpeg 768w\" sizes=\"auto, (max-width: 850px) 100vw, 850px\" \/><\/figure>\n\n\n\n<p><\/p>\n","protected":false},"excerpt":{"rendered":"<p>Esta es una pregunta que la mayor\u00eda de personas que reservan sus vacaciones en Menorca se hacen. La respuesta r\u00e1pida&#8230;<\/p>\n","protected":false},"author":2,"featured_media":332,"comment_status":"open","ping_status":"open","sticky":false,"template":"","format":"standard","meta":{"footnotes":""},"categories":[1],"tags":[],"class_list":["post-331","post","type-post","status-publish","format-standard","has-post-thumbnail","hentry","category-sin-categorizar"],"yoast_head":"<!-- This site is optimized with the Yoast SEO plugin v27.5 - https:\/\/yoast.com\/product\/yoast-seo-wordpress\/ -->\n<title>\u00bfEs necesario alquilar un coche en Menorca? - Blog<\/title>\n<meta name=\"description\" content=\"\u00bfEs necesario alquilar un coche en Menorca? Si viajas a Menorca durante tus vacaciones es com\u00fan plantearse como moverse por la isla: Menorca\" \/>\n<meta name=\"robots\" content=\"index, follow, max-snippet:-1, max-image-preview:large, max-video-preview:-1\" \/>\n<link rel=\"canonical\" href=\"https:\/\/www.sonnevillas.com\/blog\/alquilar-un-coche-en-menorca\/\" \/>\n<meta property=\"og:locale\" content=\"es_ES\" \/>\n<meta property=\"og:type\" content=\"article\" \/>\n<meta property=\"og:title\" content=\"\u00bfEs necesario alquilar un coche en Menorca? - Blog\" \/>\n<meta property=\"og:description\" content=\"\u00bfEs necesario alquilar un coche en Menorca? Si viajas a Menorca durante tus vacaciones es com\u00fan plantearse como moverse por la isla: Menorca\" \/>\n<meta property=\"og:url\" content=\"https:\/\/www.sonnevillas.com\/blog\/alquilar-un-coche-en-menorca\/\" \/>\n<meta property=\"og:site_name\" content=\"Blog\" \/>\n<meta property=\"article:published_time\" content=\"2024-02-15T07:55:48+00:00\" \/>\n<meta property=\"article:modified_time\" content=\"2024-02-15T07:57:59+00:00\" \/>\n<meta property=\"og:image\" content=\"https:\/\/www.sonnevillas.com\/blog\/wp-content\/uploads\/2024\/02\/iStock-1150580548.jpg\" \/>\n\t<meta property=\"og:image:width\" content=\"850\" \/>\n\t<meta property=\"og:image:height\" content=\"560\" \/>\n\t<meta property=\"og:image:type\" content=\"image\/jpeg\" \/>\n<meta name=\"author\" content=\"sonnevillas\" \/>\n<meta name=\"twitter:card\" content=\"summary_large_image\" \/>\n<meta name=\"twitter:label1\" content=\"Escrito por\" \/>\n\t<meta name=\"twitter:data1\" content=\"sonnevillas\" \/>\n\t<meta name=\"twitter:label2\" content=\"Tiempo de lectura\" \/>\n\t<meta name=\"twitter:data2\" content=\"2 minutos\" \/>\n<script type=\"application\/ld+json\" class=\"yoast-schema-graph\">{\"@context\":\"https:\\\/\\\/schema.org\",\"@graph\":[{\"@type\":\"Article\",\"@id\":\"https:\\\/\\\/www.sonnevillas.com\\\/blog\\\/alquilar-un-coche-en-menorca\\\/#article\",\"isPartOf\":{\"@id\":\"https:\\\/\\\/www.sonnevillas.com\\\/blog\\\/alquilar-un-coche-en-menorca\\\/\"},\"author\":{\"name\":\"sonnevillas\",\"@id\":\"https:\\\/\\\/www.sonnevillas.com\\\/blog\\\/#\\\/schema\\\/person\\\/9ffed7521881a8e6f2446a03f1e3978a\"},\"headline\":\"\u00bfEs necesario alquilar un coche en Menorca?\",\"datePublished\":\"2024-02-15T07:55:48+00:00\",\"dateModified\":\"2024-02-15T07:57:59+00:00\",\"mainEntityOfPage\":{\"@id\":\"https:\\\/\\\/www.sonnevillas.com\\\/blog\\\/alquilar-un-coche-en-menorca\\\/\"},\"wordCount\":350,\"commentCount\":1,\"image\":{\"@id\":\"https:\\\/\\\/www.sonnevillas.com\\\/blog\\\/alquilar-un-coche-en-menorca\\\/#primaryimage\"},\"thumbnailUrl\":\"https:\\\/\\\/www.sonnevillas.com\\\/blog\\\/wp-content\\\/uploads\\\/2024\\\/02\\\/iStock-1150580548.jpg\",\"articleSection\":[\"Sin categorizar\"],\"inLanguage\":\"es\",\"potentialAction\":[{\"@type\":\"CommentAction\",\"name\":\"Comment\",\"target\":[\"https:\\\/\\\/www.sonnevillas.com\\\/blog\\\/alquilar-un-coche-en-menorca\\\/#respond\"]}]},{\"@type\":\"WebPage\",\"@id\":\"https:\\\/\\\/www.sonnevillas.com\\\/blog\\\/alquilar-un-coche-en-menorca\\\/\",\"url\":\"https:\\\/\\\/www.sonnevillas.com\\\/blog\\\/alquilar-un-coche-en-menorca\\\/\",\"name\":\"\u00bfEs necesario alquilar un coche en Menorca? - Blog\",\"isPartOf\":{\"@id\":\"https:\\\/\\\/www.sonnevillas.com\\\/blog\\\/#website\"},\"primaryImageOfPage\":{\"@id\":\"https:\\\/\\\/www.sonnevillas.com\\\/blog\\\/alquilar-un-coche-en-menorca\\\/#primaryimage\"},\"image\":{\"@id\":\"https:\\\/\\\/www.sonnevillas.com\\\/blog\\\/alquilar-un-coche-en-menorca\\\/#primaryimage\"},\"thumbnailUrl\":\"https:\\\/\\\/www.sonnevillas.com\\\/blog\\\/wp-content\\\/uploads\\\/2024\\\/02\\\/iStock-1150580548.jpg\",\"datePublished\":\"2024-02-15T07:55:48+00:00\",\"dateModified\":\"2024-02-15T07:57:59+00:00\",\"author\":{\"@id\":\"https:\\\/\\\/www.sonnevillas.com\\\/blog\\\/#\\\/schema\\\/person\\\/9ffed7521881a8e6f2446a03f1e3978a\"},\"description\":\"\u00bfEs necesario alquilar un coche en Menorca? Si viajas a Menorca durante tus vacaciones es com\u00fan plantearse como moverse por la isla: Menorca\",\"breadcrumb\":{\"@id\":\"https:\\\/\\\/www.sonnevillas.com\\\/blog\\\/alquilar-un-coche-en-menorca\\\/#breadcrumb\"},\"inLanguage\":\"es\",\"potentialAction\":[{\"@type\":\"ReadAction\",\"target\":[\"https:\\\/\\\/www.sonnevillas.com\\\/blog\\\/alquilar-un-coche-en-menorca\\\/\"]}]},{\"@type\":\"ImageObject\",\"inLanguage\":\"es\",\"@id\":\"https:\\\/\\\/www.sonnevillas.com\\\/blog\\\/alquilar-un-coche-en-menorca\\\/#primaryimage\",\"url\":\"https:\\\/\\\/www.sonnevillas.com\\\/blog\\\/wp-content\\\/uploads\\\/2024\\\/02\\\/iStock-1150580548.jpg\",\"contentUrl\":\"https:\\\/\\\/www.sonnevillas.com\\\/blog\\\/wp-content\\\/uploads\\\/2024\\\/02\\\/iStock-1150580548.jpg\",\"width\":850,\"height\":560,\"caption\":\"happy children girls twin sisters on the car ride to the summer trip\"},{\"@type\":\"BreadcrumbList\",\"@id\":\"https:\\\/\\\/www.sonnevillas.com\\\/blog\\\/alquilar-un-coche-en-menorca\\\/#breadcrumb\",\"itemListElement\":[{\"@type\":\"ListItem\",\"position\":1,\"name\":\"Portada\",\"item\":\"https:\\\/\\\/www.sonnevillas.com\\\/blog\\\/\"},{\"@type\":\"ListItem\",\"position\":2,\"name\":\"\u00bfEs necesario alquilar un coche en Menorca?\"}]},{\"@type\":\"WebSite\",\"@id\":\"https:\\\/\\\/www.sonnevillas.com\\\/blog\\\/#website\",\"url\":\"https:\\\/\\\/www.sonnevillas.com\\\/blog\\\/\",\"name\":\"Blog\",\"description\":\"SonneVillas\",\"potentialAction\":[{\"@type\":\"SearchAction\",\"target\":{\"@type\":\"EntryPoint\",\"urlTemplate\":\"https:\\\/\\\/www.sonnevillas.com\\\/blog\\\/?s={search_term_string}\"},\"query-input\":{\"@type\":\"PropertyValueSpecification\",\"valueRequired\":true,\"valueName\":\"search_term_string\"}}],\"inLanguage\":\"es\"},{\"@type\":\"Person\",\"@id\":\"https:\\\/\\\/www.sonnevillas.com\\\/blog\\\/#\\\/schema\\\/person\\\/9ffed7521881a8e6f2446a03f1e3978a\",\"name\":\"sonnevillas\",\"image\":{\"@type\":\"ImageObject\",\"inLanguage\":\"es\",\"@id\":\"https:\\\/\\\/secure.gravatar.com\\\/avatar\\\/5b6e10531a703617cb3d4787bbea306c12ba0b63576de8d4a782ca99f9d6e622?s=96&d=mm&r=g\",\"url\":\"https:\\\/\\\/secure.gravatar.com\\\/avatar\\\/5b6e10531a703617cb3d4787bbea306c12ba0b63576de8d4a782ca99f9d6e622?s=96&d=mm&r=g\",\"contentUrl\":\"https:\\\/\\\/secure.gravatar.com\\\/avatar\\\/5b6e10531a703617cb3d4787bbea306c12ba0b63576de8d4a782ca99f9d6e622?s=96&d=mm&r=g\",\"caption\":\"sonnevillas\"},\"url\":\"https:\\\/\\\/www.sonnevillas.com\\\/blog\\\/author\\\/sonnevillas\\\/\"}]}<\/script>\n<!-- \/ Yoast SEO plugin. -->","yoast_head_json":{"title":"\u00bfEs necesario alquilar un coche en Menorca? - Blog","description":"\u00bfEs necesario alquilar un coche en Menorca? Si viajas a Menorca durante tus vacaciones es com\u00fan plantearse como moverse por la isla: Menorca","robots":{"index":"index","follow":"follow","max-snippet":"max-snippet:-1","max-image-preview":"max-image-preview:large","max-video-preview":"max-video-preview:-1"},"canonical":"https:\/\/www.sonnevillas.com\/blog\/alquilar-un-coche-en-menorca\/","og_locale":"es_ES","og_type":"article","og_title":"\u00bfEs necesario alquilar un coche en Menorca? - Blog","og_description":"\u00bfEs necesario alquilar un coche en Menorca? Si viajas a Menorca durante tus vacaciones es com\u00fan plantearse como moverse por la isla: Menorca","og_url":"https:\/\/www.sonnevillas.com\/blog\/alquilar-un-coche-en-menorca\/","og_site_name":"Blog","article_published_time":"2024-02-15T07:55:48+00:00","article_modified_time":"2024-02-15T07:57:59+00:00","og_image":[{"width":850,"height":560,"url":"https:\/\/www.sonnevillas.com\/blog\/wp-content\/uploads\/2024\/02\/iStock-1150580548.jpg","type":"image\/jpeg"}],"author":"sonnevillas","twitter_card":"summary_large_image","twitter_misc":{"Escrito por":"sonnevillas","Tiempo de lectura":"2 minutos"},"schema":{"@context":"https:\/\/schema.org","@graph":[{"@type":"Article","@id":"https:\/\/www.sonnevillas.com\/blog\/alquilar-un-coche-en-menorca\/#article","isPartOf":{"@id":"https:\/\/www.sonnevillas.com\/blog\/alquilar-un-coche-en-menorca\/"},"author":{"name":"sonnevillas","@id":"https:\/\/www.sonnevillas.com\/blog\/#\/schema\/person\/9ffed7521881a8e6f2446a03f1e3978a"},"headline":"\u00bfEs necesario alquilar un coche en Menorca?","datePublished":"2024-02-15T07:55:48+00:00","dateModified":"2024-02-15T07:57:59+00:00","mainEntityOfPage":{"@id":"https:\/\/www.sonnevillas.com\/blog\/alquilar-un-coche-en-menorca\/"},"wordCount":350,"commentCount":1,"image":{"@id":"https:\/\/www.sonnevillas.com\/blog\/alquilar-un-coche-en-menorca\/#primaryimage"},"thumbnailUrl":"https:\/\/www.sonnevillas.com\/blog\/wp-content\/uploads\/2024\/02\/iStock-1150580548.jpg","articleSection":["Sin categorizar"],"inLanguage":"es","potentialAction":[{"@type":"CommentAction","name":"Comment","target":["https:\/\/www.sonnevillas.com\/blog\/alquilar-un-coche-en-menorca\/#respond"]}]},{"@type":"WebPage","@id":"https:\/\/www.sonnevillas.com\/blog\/alquilar-un-coche-en-menorca\/","url":"https:\/\/www.sonnevillas.com\/blog\/alquilar-un-coche-en-menorca\/","name":"\u00bfEs necesario alquilar un coche en Menorca? - Blog","isPartOf":{"@id":"https:\/\/www.sonnevillas.com\/blog\/#website"},"primaryImageOfPage":{"@id":"https:\/\/www.sonnevillas.com\/blog\/alquilar-un-coche-en-menorca\/#primaryimage"},"image":{"@id":"https:\/\/www.sonnevillas.com\/blog\/alquilar-un-coche-en-menorca\/#primaryimage"},"thumbnailUrl":"https:\/\/www.sonnevillas.com\/blog\/wp-content\/uploads\/2024\/02\/iStock-1150580548.jpg","datePublished":"2024-02-15T07:55:48+00:00","dateModified":"2024-02-15T07:57:59+00:00","author":{"@id":"https:\/\/www.sonnevillas.com\/blog\/#\/schema\/person\/9ffed7521881a8e6f2446a03f1e3978a"},"description":"\u00bfEs necesario alquilar un coche en Menorca? Si viajas a Menorca durante tus vacaciones es com\u00fan plantearse como moverse por la isla: Menorca","breadcrumb":{"@id":"https:\/\/www.sonnevillas.com\/blog\/alquilar-un-coche-en-menorca\/#breadcrumb"},"inLanguage":"es","potentialAction":[{"@type":"ReadAction","target":["https:\/\/www.sonnevillas.com\/blog\/alquilar-un-coche-en-menorca\/"]}]},{"@type":"ImageObject","inLanguage":"es","@id":"https:\/\/www.sonnevillas.com\/blog\/alquilar-un-coche-en-menorca\/#primaryimage","url":"https:\/\/www.sonnevillas.com\/blog\/wp-content\/uploads\/2024\/02\/iStock-1150580548.jpg","contentUrl":"https:\/\/www.sonnevillas.com\/blog\/wp-content\/uploads\/2024\/02\/iStock-1150580548.jpg","width":850,"height":560,"caption":"happy children girls twin sisters on the car ride to the summer trip"},{"@type":"BreadcrumbList","@id":"https:\/\/www.sonnevillas.com\/blog\/alquilar-un-coche-en-menorca\/#breadcrumb","itemListElement":[{"@type":"ListItem","position":1,"name":"Portada","item":"https:\/\/www.sonnevillas.com\/blog\/"},{"@type":"ListItem","position":2,"name":"\u00bfEs necesario alquilar un coche en Menorca?"}]},{"@type":"WebSite","@id":"https:\/\/www.sonnevillas.com\/blog\/#website","url":"https:\/\/www.sonnevillas.com\/blog\/","name":"Blog","description":"SonneVillas","potentialAction":[{"@type":"SearchAction","target":{"@type":"EntryPoint","urlTemplate":"https:\/\/www.sonnevillas.com\/blog\/?s={search_term_string}"},"query-input":{"@type":"PropertyValueSpecification","valueRequired":true,"valueName":"search_term_string"}}],"inLanguage":"es"},{"@type":"Person","@id":"https:\/\/www.sonnevillas.com\/blog\/#\/schema\/person\/9ffed7521881a8e6f2446a03f1e3978a","name":"sonnevillas","image":{"@type":"ImageObject","inLanguage":"es","@id":"https:\/\/secure.gravatar.com\/avatar\/5b6e10531a703617cb3d4787bbea306c12ba0b63576de8d4a782ca99f9d6e622?s=96&d=mm&r=g","url":"https:\/\/secure.gravatar.com\/avatar\/5b6e10531a703617cb3d4787bbea306c12ba0b63576de8d4a782ca99f9d6e622?s=96&d=mm&r=g","contentUrl":"https:\/\/secure.gravatar.com\/avatar\/5b6e10531a703617cb3d4787bbea306c12ba0b63576de8d4a782ca99f9d6e622?s=96&d=mm&r=g","caption":"sonnevillas"},"url":"https:\/\/www.sonnevillas.com\/blog\/author\/sonnevillas\/"}]}},"_links":{"self":[{"href":"https:\/\/www.sonnevillas.com\/blog\/wp-json\/wp\/v2\/posts\/331","targetHints":{"allow":["GET"]}}],"collection":[{"href":"https:\/\/www.sonnevillas.com\/blog\/wp-json\/wp\/v2\/posts"}],"about":[{"href":"https:\/\/www.sonnevillas.com\/blog\/wp-json\/wp\/v2\/types\/post"}],"author":[{"embeddable":true,"href":"https:\/\/www.sonnevillas.com\/blog\/wp-json\/wp\/v2\/users\/2"}],"replies":[{"embeddable":true,"href":"https:\/\/www.sonnevillas.com\/blog\/wp-json\/wp\/v2\/comments?post=331"}],"version-history":[{"count":2,"href":"https:\/\/www.sonnevillas.com\/blog\/wp-json\/wp\/v2\/posts\/331\/revisions"}],"predecessor-version":[{"id":343,"href":"https:\/\/www.sonnevillas.com\/blog\/wp-json\/wp\/v2\/posts\/331\/revisions\/343"}],"wp:featuredmedia":[{"embeddable":true,"href":"https:\/\/www.sonnevillas.com\/blog\/wp-json\/wp\/v2\/media\/332"}],"wp:attachment":[{"href":"https:\/\/www.sonnevillas.com\/blog\/wp-json\/wp\/v2\/media?parent=331"}],"wp:term":[{"taxonomy":"category","embeddable":true,"href":"https:\/\/www.sonnevillas.com\/blog\/wp-json\/wp\/v2\/categories?post=331"},{"taxonomy":"post_tag","embeddable":true,"href":"https:\/\/www.sonnevillas.com\/blog\/wp-json\/wp\/v2\/tags?post=331"}],"curies":[{"name":"wp","href":"https:\/\/api.w.org\/{rel}","templated":true}]}}