{"id":371,"date":"2024-03-07T11:13:58","date_gmt":"2024-03-07T11:13:58","guid":{"rendered":"https:\/\/www.sonnevillas.com\/blog\/?p=371"},"modified":"2024-03-07T11:13:59","modified_gmt":"2024-03-07T11:13:59","slug":"historia-del-turismo-de-cala-galdana-menorca","status":"publish","type":"post","link":"https:\/\/www.sonnevillas.com\/blog\/historia-del-turismo-de-cala-galdana-menorca\/","title":{"rendered":"Historia del turismo de Cala Galdana (Menorca)"},"content":{"rendered":"\n<p>La historia tur\u00edstica de Cala Galdana se remonta a mediados del siglo XX, cuando Menorca comenz\u00f3 a atraer a visitantes que buscaban un destino tranquilo y familiar en el Mediterr\u00e1neo.<\/p>\n\n\n\n<p>Menorca fu\u00e9 la \u00faltima isla de las Baleares en desarrollar la industria tur\u00edstica. Se dice que fue un \u00abcastigo\u00bb del r\u00e9gimen franquista debido a que la clase dirigente de Menorca apoy\u00f3 al bando republicano.<\/p>\n\n\n\n<figure class=\"wp-block-image size-full\"><img loading=\"lazy\" decoding=\"async\" width=\"640\" height=\"432\" src=\"https:\/\/www.sonnevillas.com\/blog\/wp-content\/uploads\/2024\/03\/14207872_1272056326187971_4066549616904182640_o-1.jpg\" alt=\"\" class=\"wp-image-366\"\/><\/figure>\n\n\n\n<p>Este fen\u00f3meno, juntamente con la concienciaci\u00f3n y lucha de la poblaci\u00f3n isle\u00f1a para frenar muchos desarrollos tur\u00edsticos en espacios naturales, es lo que permiti\u00f3 a Menorca conservar gran parte de su aspecto original y natural.<\/p>\n\n\n\n<p>A medida que empezaba a desarrollarse el turismo, la isla se volv\u00eda m\u00e1s accesible para estos, especialmente despu\u00e9s de la construcci\u00f3n de su aeropuerto en la d\u00e9cada de 1960, Cala Galdana emergi\u00f3 como uno de los destinos m\u00e1s destacados y deseados.<\/p>\n\n\n\n<figure class=\"wp-block-image size-large\"><img loading=\"lazy\" decoding=\"async\" width=\"1173\" height=\"630\" src=\"https:\/\/www.sonnevillas.com\/blog\/wp-content\/uploads\/2024\/03\/13653027_1226856920707912_2474075155108691885_o-1173x630.jpg\" alt=\"\" class=\"wp-image-363\"\/><\/figure>\n\n\n\n<p>En esos tiempos, la mayor\u00eda de tierras costeras y playas pertenec\u00edan a las fincas agr\u00edcolas, los \u00abllocs\u00bb como se llaman en Menorca. Como eran tierras castigadas por los vientos y la sal, ten\u00edan poco valor econ\u00f3mico para los payeses, al no poder conrearse. Muchas se vendieron por \u00ab4 pesetas\u00bb a promotores tur\u00edsticos que sab\u00edan del potencial que ten\u00edan. A\u00fan hoy muchas urbanizaciones y playas conservan el nombre de estas fincas.<\/p>\n\n\n\n<p>En sus inicios, Cala Galdana a\u00fan conservaba su car\u00e1cter virgen y natural, con solo unas pocas instalaciones tur\u00edsticas b\u00e1sicas. Sus principales visitantes eran los propios menorquines.<\/p>\n\n\n\n<p>Sin embargo, su belleza natural, con una playa de arena blanca en forma de media luna y aguas cristalinas, atrajo r\u00e1pidamente la atenci\u00f3n de los visitantes que buscaban escapar del bullicio de las zonas tur\u00edsticas m\u00e1s concurridas. Pero tambi\u00e9n de los inversores y los propios menorquines que viv\u00edan una \u00e9poca de mayor abundancia.<\/p>\n\n\n\n<figure class=\"wp-block-image size-full\"><img loading=\"lazy\" decoding=\"async\" width=\"400\" height=\"225\" src=\"https:\/\/www.sonnevillas.com\/blog\/wp-content\/uploads\/2024\/03\/Cala-Galdana.Joan-Bagur-Truyol.jpg\" alt=\"\" class=\"wp-image-345\"\/><\/figure>\n\n\n\n<p>Durante las d\u00e9cadas de 1970 y 1980, Cala Galdana experiment\u00f3 un r\u00e1pido crecimiento de la industria tur\u00edstica, con la construcci\u00f3n de hoteles, apartamentos y restaurantes para satisfacer la creciente demanda de alojamiento y servicios.<br>Tambi\u00e9n hubo el boom de la construcci\u00f3n de chalets por parte de la poblaci\u00f3n local de Ferreries. Siendo estos en su mayor\u00eda los propietarios, que los usaban como segundas residencias y como casas de verano.<br>Era habitual que las familias de Ferreries y Menorca pasaran los veranos en Cala Galdana u otros puntos de la costa. Eran otros tiempos y quien su familia no ten\u00eda un apartamento, ten\u00eda un chalet o una caba\u00f1a o incluso una cueva cerca de la costa.<\/p>\n\n\n\n<figure class=\"wp-block-image size-large\"><img loading=\"lazy\" decoding=\"async\" width=\"1200\" height=\"630\" src=\"https:\/\/www.sonnevillas.com\/blog\/wp-content\/uploads\/2024\/03\/422992759-1200x630.webp\" alt=\"\" class=\"wp-image-354\"\/><\/figure>\n\n\n\n<p><br>Fue como la \u00abBelle \u00e9poque\u00bb a la menorquina. La sociedad era m\u00e1s familiar, un primo era como un hermano y se compart\u00eda todo, salidas en peque\u00f1as embarcaciones, pescar lo necesario para comer, largas sobremesas con el sonido de las guitarras y canciones populares, acampadas en las playas etc. Una vida m\u00e1s sencilla, tranquila y quiz\u00e1s m\u00e1s feliz.<\/p>\n\n\n\n<p>En las d\u00e9cadas siguientes, Cala Galdana continu\u00f3 atrayendo a turistas de todo el mundo, especialmente a aquellos que buscaban unas vacaciones familiares o una escapada rom\u00e1ntica en un entorno tranquilo y pintoresco.<br>Pero tambi\u00e9n llegan los Tour Operadores y el turismo de masas, lo que conocemos como el cl\u00e1sico turismo de sol y playa.<\/p>\n\n\n\n<figure class=\"wp-block-image size-full\"><img loading=\"lazy\" decoding=\"async\" width=\"400\" height=\"283\" src=\"https:\/\/www.sonnevillas.com\/blog\/wp-content\/uploads\/2024\/03\/cala-Galdana.Hotel-AudaxR.jpg\" alt=\"\" class=\"wp-image-348\"\/><\/figure>\n\n\n\n<p><br>Los turistas eran principalmente brit\u00e1nicos que se beneficiaban del favorable cambio de su fuerte libra frente a la devaluada peseta.<br>No se ten\u00eda tanta concienciaci\u00f3n por el entorno en esos tiempos. Hubo un gran desarrollo de la construcci\u00f3n y la naturaleza pasaba a un segundo plano.<\/p>\n\n\n\n<p>La mentalidad de algunos menorquines tambi\u00e9n cambi\u00f3, eran buenos tiempos para la construcci\u00f3n y los negocios tur\u00edsticos si se trabajaba duro, muchos pudieron hacer una fortuna en aquellos tiempos, pero la avaricia y tambi\u00e9n la necesidad provocaron que lo que antes pod\u00edan disfrutar los menorquines, ahora ya solamente fuera accesible para los turistas.<\/p>\n\n\n\n<figure class=\"wp-block-image size-full\"><img loading=\"lazy\" decoding=\"async\" width=\"400\" height=\"278\" src=\"https:\/\/www.sonnevillas.com\/blog\/wp-content\/uploads\/2024\/03\/cala-Galdana.Lucia-Mora.1973B.jpg\" alt=\"\" class=\"wp-image-351\"\/><\/figure>\n\n\n\n<p>Muchos chalets y apartamentos se vendieron y los chalets que antes se disfrutaban, pasaron a alquilarse a los turistas. <\/p>\n\n\n\n<p>En los \u00faltimos a\u00f1os, se ha ido modernizando la industria tur\u00edstica pero a\u00fan queda mucho trabajo por hacer. Se han realizado esfuerzos adicionales para promover un turismo sostenible tanto en Menorca como en Cala Galdana, con la implementaci\u00f3n de medidas para proteger el medio ambiente y fomentar pr\u00e1cticas tur\u00edsticas responsables. A pesar de su popularidad y desarrollo tur\u00edstico, Cala Galdana ha logrado conservar gran parte de su encanto y sigue siendo un destino preferido para muchas familias y esperemos que as\u00ed sea durante muchos a\u00f1os m\u00e1s.<\/p>\n\n\n\n<p>El objetivo es conseguir un equilibrio natural entre el impacto econ\u00f3mico y ecol\u00f3gico del turismo, apostando por la calidad y el respecto del entorno, valorando y cuidando esta isla paradis\u00edaca para que la puedan seguir disfrutando muchas generaciones m\u00e1s.<\/p>\n\n\n\n<figure class=\"wp-block-image size-full\"><img loading=\"lazy\" decoding=\"async\" width=\"850\" height=\"567\" src=\"https:\/\/www.sonnevillas.com\/blog\/wp-content\/uploads\/2024\/01\/cala-galdana-villas-menorca-sonne-sonnevillas.jpeg\" alt=\"\" class=\"wp-image-322\" srcset=\"https:\/\/www.sonnevillas.com\/blog\/wp-content\/uploads\/2024\/01\/cala-galdana-villas-menorca-sonne-sonnevillas.jpeg 850w, https:\/\/www.sonnevillas.com\/blog\/wp-content\/uploads\/2024\/01\/cala-galdana-villas-menorca-sonne-sonnevillas-360x240.jpeg 360w, https:\/\/www.sonnevillas.com\/blog\/wp-content\/uploads\/2024\/01\/cala-galdana-villas-menorca-sonne-sonnevillas-768x512.jpeg 768w\" sizes=\"auto, (max-width: 850px) 100vw, 850px\" \/><figcaption class=\"wp-element-caption\">Cala Galdana &#8211; one of the most popular beaches at Menorca island, Spain.<\/figcaption><\/figure>\n","protected":false},"excerpt":{"rendered":"<p>La historia tur\u00edstica de Cala Galdana se remonta a mediados del siglo XX, cuando Menorca comenz\u00f3 a atraer a visitantes&#8230;<\/p>\n","protected":false},"author":2,"featured_media":357,"comment_status":"open","ping_status":"open","sticky":false,"template":"","format":"standard","meta":{"footnotes":""},"categories":[1],"tags":[29,45,23,46],"class_list":["post-371","post","type-post","status-publish","format-standard","has-post-thumbnail","hentry","category-sin-categorizar","tag-cala-galdana","tag-historia","tag-menorca","tag-turismo"],"yoast_head":"<!-- This site is optimized with the Yoast SEO plugin v27.5 - https:\/\/yoast.com\/product\/yoast-seo-wordpress\/ -->\n<title>Historia del turismo de Cala Galdana (Menorca) - Blog<\/title>\n<meta name=\"robots\" content=\"index, follow, max-snippet:-1, max-image-preview:large, max-video-preview:-1\" \/>\n<link rel=\"canonical\" href=\"https:\/\/www.sonnevillas.com\/blog\/historia-del-turismo-de-cala-galdana-menorca\/\" \/>\n<meta property=\"og:locale\" content=\"es_ES\" \/>\n<meta property=\"og:type\" content=\"article\" \/>\n<meta property=\"og:title\" content=\"Historia del turismo de Cala Galdana (Menorca) - Blog\" \/>\n<meta property=\"og:description\" content=\"La historia tur\u00edstica de Cala Galdana se remonta a mediados del siglo XX, cuando Menorca comenz\u00f3 a atraer a visitantes...\" \/>\n<meta property=\"og:url\" content=\"https:\/\/www.sonnevillas.com\/blog\/historia-del-turismo-de-cala-galdana-menorca\/\" \/>\n<meta property=\"og:site_name\" content=\"Blog\" \/>\n<meta property=\"article:published_time\" content=\"2024-03-07T11:13:58+00:00\" \/>\n<meta property=\"article:modified_time\" content=\"2024-03-07T11:13:59+00:00\" \/>\n<meta property=\"og:image\" content=\"https:\/\/www.sonnevillas.com\/blog\/wp-content\/uploads\/2024\/03\/ddb2f12abc411a8960d1582ea5630e22.jpg\" \/>\n\t<meta property=\"og:image:width\" content=\"736\" \/>\n\t<meta property=\"og:image:height\" content=\"431\" \/>\n\t<meta property=\"og:image:type\" content=\"image\/jpeg\" \/>\n<meta name=\"author\" content=\"sonnevillas\" \/>\n<meta name=\"twitter:card\" content=\"summary_large_image\" \/>\n<meta name=\"twitter:label1\" content=\"Escrito por\" \/>\n\t<meta name=\"twitter:data1\" content=\"sonnevillas\" \/>\n\t<meta name=\"twitter:label2\" content=\"Tiempo de lectura\" \/>\n\t<meta name=\"twitter:data2\" content=\"4 minutos\" \/>\n<script type=\"application\/ld+json\" class=\"yoast-schema-graph\">{\"@context\":\"https:\\\/\\\/schema.org\",\"@graph\":[{\"@type\":\"Article\",\"@id\":\"https:\\\/\\\/www.sonnevillas.com\\\/blog\\\/historia-del-turismo-de-cala-galdana-menorca\\\/#article\",\"isPartOf\":{\"@id\":\"https:\\\/\\\/www.sonnevillas.com\\\/blog\\\/historia-del-turismo-de-cala-galdana-menorca\\\/\"},\"author\":{\"name\":\"sonnevillas\",\"@id\":\"https:\\\/\\\/www.sonnevillas.com\\\/blog\\\/#\\\/schema\\\/person\\\/9ffed7521881a8e6f2446a03f1e3978a\"},\"headline\":\"Historia del turismo de Cala Galdana (Menorca)\",\"datePublished\":\"2024-03-07T11:13:58+00:00\",\"dateModified\":\"2024-03-07T11:13:59+00:00\",\"mainEntityOfPage\":{\"@id\":\"https:\\\/\\\/www.sonnevillas.com\\\/blog\\\/historia-del-turismo-de-cala-galdana-menorca\\\/\"},\"wordCount\":851,\"commentCount\":0,\"image\":{\"@id\":\"https:\\\/\\\/www.sonnevillas.com\\\/blog\\\/historia-del-turismo-de-cala-galdana-menorca\\\/#primaryimage\"},\"thumbnailUrl\":\"https:\\\/\\\/www.sonnevillas.com\\\/blog\\\/wp-content\\\/uploads\\\/2024\\\/03\\\/ddb2f12abc411a8960d1582ea5630e22.jpg\",\"keywords\":[\"cala galdana\",\"historia\",\"Menorca\",\"turismo\"],\"articleSection\":[\"Sin categorizar\"],\"inLanguage\":\"es\",\"potentialAction\":[{\"@type\":\"CommentAction\",\"name\":\"Comment\",\"target\":[\"https:\\\/\\\/www.sonnevillas.com\\\/blog\\\/historia-del-turismo-de-cala-galdana-menorca\\\/#respond\"]}]},{\"@type\":\"WebPage\",\"@id\":\"https:\\\/\\\/www.sonnevillas.com\\\/blog\\\/historia-del-turismo-de-cala-galdana-menorca\\\/\",\"url\":\"https:\\\/\\\/www.sonnevillas.com\\\/blog\\\/historia-del-turismo-de-cala-galdana-menorca\\\/\",\"name\":\"Historia del turismo de Cala Galdana (Menorca) - Blog\",\"isPartOf\":{\"@id\":\"https:\\\/\\\/www.sonnevillas.com\\\/blog\\\/#website\"},\"primaryImageOfPage\":{\"@id\":\"https:\\\/\\\/www.sonnevillas.com\\\/blog\\\/historia-del-turismo-de-cala-galdana-menorca\\\/#primaryimage\"},\"image\":{\"@id\":\"https:\\\/\\\/www.sonnevillas.com\\\/blog\\\/historia-del-turismo-de-cala-galdana-menorca\\\/#primaryimage\"},\"thumbnailUrl\":\"https:\\\/\\\/www.sonnevillas.com\\\/blog\\\/wp-content\\\/uploads\\\/2024\\\/03\\\/ddb2f12abc411a8960d1582ea5630e22.jpg\",\"datePublished\":\"2024-03-07T11:13:58+00:00\",\"dateModified\":\"2024-03-07T11:13:59+00:00\",\"author\":{\"@id\":\"https:\\\/\\\/www.sonnevillas.com\\\/blog\\\/#\\\/schema\\\/person\\\/9ffed7521881a8e6f2446a03f1e3978a\"},\"breadcrumb\":{\"@id\":\"https:\\\/\\\/www.sonnevillas.com\\\/blog\\\/historia-del-turismo-de-cala-galdana-menorca\\\/#breadcrumb\"},\"inLanguage\":\"es\",\"potentialAction\":[{\"@type\":\"ReadAction\",\"target\":[\"https:\\\/\\\/www.sonnevillas.com\\\/blog\\\/historia-del-turismo-de-cala-galdana-menorca\\\/\"]}]},{\"@type\":\"ImageObject\",\"inLanguage\":\"es\",\"@id\":\"https:\\\/\\\/www.sonnevillas.com\\\/blog\\\/historia-del-turismo-de-cala-galdana-menorca\\\/#primaryimage\",\"url\":\"https:\\\/\\\/www.sonnevillas.com\\\/blog\\\/wp-content\\\/uploads\\\/2024\\\/03\\\/ddb2f12abc411a8960d1582ea5630e22.jpg\",\"contentUrl\":\"https:\\\/\\\/www.sonnevillas.com\\\/blog\\\/wp-content\\\/uploads\\\/2024\\\/03\\\/ddb2f12abc411a8960d1582ea5630e22.jpg\",\"width\":736,\"height\":431},{\"@type\":\"BreadcrumbList\",\"@id\":\"https:\\\/\\\/www.sonnevillas.com\\\/blog\\\/historia-del-turismo-de-cala-galdana-menorca\\\/#breadcrumb\",\"itemListElement\":[{\"@type\":\"ListItem\",\"position\":1,\"name\":\"Portada\",\"item\":\"https:\\\/\\\/www.sonnevillas.com\\\/blog\\\/\"},{\"@type\":\"ListItem\",\"position\":2,\"name\":\"Historia del turismo de Cala Galdana (Menorca)\"}]},{\"@type\":\"WebSite\",\"@id\":\"https:\\\/\\\/www.sonnevillas.com\\\/blog\\\/#website\",\"url\":\"https:\\\/\\\/www.sonnevillas.com\\\/blog\\\/\",\"name\":\"Blog\",\"description\":\"SonneVillas\",\"potentialAction\":[{\"@type\":\"SearchAction\",\"target\":{\"@type\":\"EntryPoint\",\"urlTemplate\":\"https:\\\/\\\/www.sonnevillas.com\\\/blog\\\/?s={search_term_string}\"},\"query-input\":{\"@type\":\"PropertyValueSpecification\",\"valueRequired\":true,\"valueName\":\"search_term_string\"}}],\"inLanguage\":\"es\"},{\"@type\":\"Person\",\"@id\":\"https:\\\/\\\/www.sonnevillas.com\\\/blog\\\/#\\\/schema\\\/person\\\/9ffed7521881a8e6f2446a03f1e3978a\",\"name\":\"sonnevillas\",\"image\":{\"@type\":\"ImageObject\",\"inLanguage\":\"es\",\"@id\":\"https:\\\/\\\/secure.gravatar.com\\\/avatar\\\/5b6e10531a703617cb3d4787bbea306c12ba0b63576de8d4a782ca99f9d6e622?s=96&d=mm&r=g\",\"url\":\"https:\\\/\\\/secure.gravatar.com\\\/avatar\\\/5b6e10531a703617cb3d4787bbea306c12ba0b63576de8d4a782ca99f9d6e622?s=96&d=mm&r=g\",\"contentUrl\":\"https:\\\/\\\/secure.gravatar.com\\\/avatar\\\/5b6e10531a703617cb3d4787bbea306c12ba0b63576de8d4a782ca99f9d6e622?s=96&d=mm&r=g\",\"caption\":\"sonnevillas\"},\"url\":\"https:\\\/\\\/www.sonnevillas.com\\\/blog\\\/author\\\/sonnevillas\\\/\"}]}<\/script>\n<!-- \/ Yoast SEO plugin. -->","yoast_head_json":{"title":"Historia del turismo de Cala Galdana (Menorca) - Blog","robots":{"index":"index","follow":"follow","max-snippet":"max-snippet:-1","max-image-preview":"max-image-preview:large","max-video-preview":"max-video-preview:-1"},"canonical":"https:\/\/www.sonnevillas.com\/blog\/historia-del-turismo-de-cala-galdana-menorca\/","og_locale":"es_ES","og_type":"article","og_title":"Historia del turismo de Cala Galdana (Menorca) - Blog","og_description":"La historia tur\u00edstica de Cala Galdana se remonta a mediados del siglo XX, cuando Menorca comenz\u00f3 a atraer a visitantes...","og_url":"https:\/\/www.sonnevillas.com\/blog\/historia-del-turismo-de-cala-galdana-menorca\/","og_site_name":"Blog","article_published_time":"2024-03-07T11:13:58+00:00","article_modified_time":"2024-03-07T11:13:59+00:00","og_image":[{"width":736,"height":431,"url":"https:\/\/www.sonnevillas.com\/blog\/wp-content\/uploads\/2024\/03\/ddb2f12abc411a8960d1582ea5630e22.jpg","type":"image\/jpeg"}],"author":"sonnevillas","twitter_card":"summary_large_image","twitter_misc":{"Escrito por":"sonnevillas","Tiempo de lectura":"4 minutos"},"schema":{"@context":"https:\/\/schema.org","@graph":[{"@type":"Article","@id":"https:\/\/www.sonnevillas.com\/blog\/historia-del-turismo-de-cala-galdana-menorca\/#article","isPartOf":{"@id":"https:\/\/www.sonnevillas.com\/blog\/historia-del-turismo-de-cala-galdana-menorca\/"},"author":{"name":"sonnevillas","@id":"https:\/\/www.sonnevillas.com\/blog\/#\/schema\/person\/9ffed7521881a8e6f2446a03f1e3978a"},"headline":"Historia del turismo de Cala Galdana (Menorca)","datePublished":"2024-03-07T11:13:58+00:00","dateModified":"2024-03-07T11:13:59+00:00","mainEntityOfPage":{"@id":"https:\/\/www.sonnevillas.com\/blog\/historia-del-turismo-de-cala-galdana-menorca\/"},"wordCount":851,"commentCount":0,"image":{"@id":"https:\/\/www.sonnevillas.com\/blog\/historia-del-turismo-de-cala-galdana-menorca\/#primaryimage"},"thumbnailUrl":"https:\/\/www.sonnevillas.com\/blog\/wp-content\/uploads\/2024\/03\/ddb2f12abc411a8960d1582ea5630e22.jpg","keywords":["cala galdana","historia","Menorca","turismo"],"articleSection":["Sin categorizar"],"inLanguage":"es","potentialAction":[{"@type":"CommentAction","name":"Comment","target":["https:\/\/www.sonnevillas.com\/blog\/historia-del-turismo-de-cala-galdana-menorca\/#respond"]}]},{"@type":"WebPage","@id":"https:\/\/www.sonnevillas.com\/blog\/historia-del-turismo-de-cala-galdana-menorca\/","url":"https:\/\/www.sonnevillas.com\/blog\/historia-del-turismo-de-cala-galdana-menorca\/","name":"Historia del turismo de Cala Galdana (Menorca) - Blog","isPartOf":{"@id":"https:\/\/www.sonnevillas.com\/blog\/#website"},"primaryImageOfPage":{"@id":"https:\/\/www.sonnevillas.com\/blog\/historia-del-turismo-de-cala-galdana-menorca\/#primaryimage"},"image":{"@id":"https:\/\/www.sonnevillas.com\/blog\/historia-del-turismo-de-cala-galdana-menorca\/#primaryimage"},"thumbnailUrl":"https:\/\/www.sonnevillas.com\/blog\/wp-content\/uploads\/2024\/03\/ddb2f12abc411a8960d1582ea5630e22.jpg","datePublished":"2024-03-07T11:13:58+00:00","dateModified":"2024-03-07T11:13:59+00:00","author":{"@id":"https:\/\/www.sonnevillas.com\/blog\/#\/schema\/person\/9ffed7521881a8e6f2446a03f1e3978a"},"breadcrumb":{"@id":"https:\/\/www.sonnevillas.com\/blog\/historia-del-turismo-de-cala-galdana-menorca\/#breadcrumb"},"inLanguage":"es","potentialAction":[{"@type":"ReadAction","target":["https:\/\/www.sonnevillas.com\/blog\/historia-del-turismo-de-cala-galdana-menorca\/"]}]},{"@type":"ImageObject","inLanguage":"es","@id":"https:\/\/www.sonnevillas.com\/blog\/historia-del-turismo-de-cala-galdana-menorca\/#primaryimage","url":"https:\/\/www.sonnevillas.com\/blog\/wp-content\/uploads\/2024\/03\/ddb2f12abc411a8960d1582ea5630e22.jpg","contentUrl":"https:\/\/www.sonnevillas.com\/blog\/wp-content\/uploads\/2024\/03\/ddb2f12abc411a8960d1582ea5630e22.jpg","width":736,"height":431},{"@type":"BreadcrumbList","@id":"https:\/\/www.sonnevillas.com\/blog\/historia-del-turismo-de-cala-galdana-menorca\/#breadcrumb","itemListElement":[{"@type":"ListItem","position":1,"name":"Portada","item":"https:\/\/www.sonnevillas.com\/blog\/"},{"@type":"ListItem","position":2,"name":"Historia del turismo de Cala Galdana (Menorca)"}]},{"@type":"WebSite","@id":"https:\/\/www.sonnevillas.com\/blog\/#website","url":"https:\/\/www.sonnevillas.com\/blog\/","name":"Blog","description":"SonneVillas","potentialAction":[{"@type":"SearchAction","target":{"@type":"EntryPoint","urlTemplate":"https:\/\/www.sonnevillas.com\/blog\/?s={search_term_string}"},"query-input":{"@type":"PropertyValueSpecification","valueRequired":true,"valueName":"search_term_string"}}],"inLanguage":"es"},{"@type":"Person","@id":"https:\/\/www.sonnevillas.com\/blog\/#\/schema\/person\/9ffed7521881a8e6f2446a03f1e3978a","name":"sonnevillas","image":{"@type":"ImageObject","inLanguage":"es","@id":"https:\/\/secure.gravatar.com\/avatar\/5b6e10531a703617cb3d4787bbea306c12ba0b63576de8d4a782ca99f9d6e622?s=96&d=mm&r=g","url":"https:\/\/secure.gravatar.com\/avatar\/5b6e10531a703617cb3d4787bbea306c12ba0b63576de8d4a782ca99f9d6e622?s=96&d=mm&r=g","contentUrl":"https:\/\/secure.gravatar.com\/avatar\/5b6e10531a703617cb3d4787bbea306c12ba0b63576de8d4a782ca99f9d6e622?s=96&d=mm&r=g","caption":"sonnevillas"},"url":"https:\/\/www.sonnevillas.com\/blog\/author\/sonnevillas\/"}]}},"_links":{"self":[{"href":"https:\/\/www.sonnevillas.com\/blog\/wp-json\/wp\/v2\/posts\/371","targetHints":{"allow":["GET"]}}],"collection":[{"href":"https:\/\/www.sonnevillas.com\/blog\/wp-json\/wp\/v2\/posts"}],"about":[{"href":"https:\/\/www.sonnevillas.com\/blog\/wp-json\/wp\/v2\/types\/post"}],"author":[{"embeddable":true,"href":"https:\/\/www.sonnevillas.com\/blog\/wp-json\/wp\/v2\/users\/2"}],"replies":[{"embeddable":true,"href":"https:\/\/www.sonnevillas.com\/blog\/wp-json\/wp\/v2\/comments?post=371"}],"version-history":[{"count":1,"href":"https:\/\/www.sonnevillas.com\/blog\/wp-json\/wp\/v2\/posts\/371\/revisions"}],"predecessor-version":[{"id":372,"href":"https:\/\/www.sonnevillas.com\/blog\/wp-json\/wp\/v2\/posts\/371\/revisions\/372"}],"wp:featuredmedia":[{"embeddable":true,"href":"https:\/\/www.sonnevillas.com\/blog\/wp-json\/wp\/v2\/media\/357"}],"wp:attachment":[{"href":"https:\/\/www.sonnevillas.com\/blog\/wp-json\/wp\/v2\/media?parent=371"}],"wp:term":[{"taxonomy":"category","embeddable":true,"href":"https:\/\/www.sonnevillas.com\/blog\/wp-json\/wp\/v2\/categories?post=371"},{"taxonomy":"post_tag","embeddable":true,"href":"https:\/\/www.sonnevillas.com\/blog\/wp-json\/wp\/v2\/tags?post=371"}],"curies":[{"name":"wp","href":"https:\/\/api.w.org\/{rel}","templated":true}]}}