{"id":583,"date":"2024-11-20T08:25:11","date_gmt":"2024-11-20T08:25:11","guid":{"rendered":"https:\/\/www.sonnevillas.com\/blog\/?p=583"},"modified":"2024-11-20T08:25:13","modified_gmt":"2024-11-20T08:25:13","slug":"como-prepararse-para-recorrer-el-cami-de-cavalls-en-menorca","status":"publish","type":"post","link":"https:\/\/www.sonnevillas.com\/blog\/como-prepararse-para-recorrer-el-cami-de-cavalls-en-menorca\/","title":{"rendered":"\u00bfC\u00f3mo prepararse para recorrer el Cam\u00ed de Cavalls en Menorca?"},"content":{"rendered":"\n<h3 class=\"wp-block-heading\">El Cam\u00ed de Cavalls es una de las rutas m\u00e1s espectaculares de Menorca. Este sendero hist\u00f3rico bordea la isla y ofrece 185 kil\u00f3metros de paisajes \u00fanicos, acantilados, playas v\u00edrgenes, y vegetaci\u00f3n aut\u00f3ctona. Si est\u00e1s pensando en emprender esta aventura, aqu\u00ed te compartimos una gu\u00eda para que disfrutes al m\u00e1ximo de esta experiencia.<\/h3>\n\n\n\n<hr class=\"wp-block-separator has-alpha-channel-opacity\"\/>\n\n\n\n<h4 class=\"wp-block-heading\">1. Planifica tu itinerario seg\u00fan tus intereses y condici\u00f3n f\u00edsica<\/h4>\n\n\n\n<p>El Cam\u00ed de Cavalls se divide en 20 etapas, que var\u00edan en longitud y dificultad, por lo que puedes adaptar la ruta seg\u00fan tu nivel f\u00edsico y disponibilidad de tiempo. Es posible realizar la ruta completa en unos 7-10 d\u00edas, aunque tambi\u00e9n puedes elegir tramos espec\u00edficos, especialmente si tienes pocos d\u00edas o prefieres hacerla en excursiones de un solo d\u00eda.<\/p>\n\n\n\n<p><strong>Consejo:<\/strong> Planifica con antelaci\u00f3n y define si prefieres hacer tramos m\u00e1s suaves o explorar zonas menos transitadas de la isla. Si te interesa la naturaleza, las etapas del norte suelen tener paisajes m\u00e1s salvajes y menos playa, mientras que las del sur son m\u00e1s arenosas y con calas espectaculares.<\/p>\n\n\n\n<hr class=\"wp-block-separator has-alpha-channel-opacity\"\/>\n\n\n\n<h4 class=\"wp-block-heading\">2. Prepara tu equipamiento esencial<\/h4>\n\n\n\n<p>Contar con el equipo adecuado es clave para disfrutar del Cam\u00ed de Cavalls:<\/p>\n\n\n\n<ul class=\"wp-block-list\">\n<li><strong>Calzado:<\/strong> Unas botas o zapatillas de senderismo c\u00f3modas y bien ajustadas son esenciales. Algunos tramos del camino tienen terrenos irregulares y rocosos, especialmente en la costa norte.<\/li>\n\n\n\n<li><strong>Ropa transpirable:<\/strong> Viste con capas ligeras y transpirables. Durante el verano, usa ropa que te proteja del sol y evita el algod\u00f3n, que retiene la humedad.<\/li>\n\n\n\n<li><strong>Protecci\u00f3n solar:<\/strong> Lleva sombrero, gafas de sol y protector solar de alta protecci\u00f3n.<\/li>\n\n\n\n<li><strong>Mochila c\u00f3moda:<\/strong> Una mochila ligera y ergon\u00f3mica, con espacio suficiente para agua, snacks, una capa adicional, y un botiqu\u00edn b\u00e1sico.<\/li>\n<\/ul>\n\n\n\n<hr class=\"wp-block-separator has-alpha-channel-opacity\"\/>\n\n\n\n<h4 class=\"wp-block-heading\">3. Organiza tu alojamiento con antelaci\u00f3n<\/h4>\n\n\n\n<p>El alojamiento en Menorca puede llenarse r\u00e1pido, especialmente en la temporada alta de verano. Puedes alojarte en ciudades cercanas a los puntos de partida y final de cada etapa, como Ciutadella, Ma\u00f3, o Fornells, o explorar opciones de alojamiento rural.<\/p>\n\n\n\n<p><a href=\"https:\/\/www.sonnevillas.com\/\"><strong>Sonne Villas<\/strong> <\/a>es una opci\u00f3n ideal para quienes desean descansar c\u00f3modamente despu\u00e9s de una jornada en el Cam\u00ed de Cavalls, disfrutando de instalaciones completas y de un ambiente tranquilo y acogedor.<\/p>\n\n\n\n<figure class=\"wp-block-image size-large\"><img loading=\"lazy\" decoding=\"async\" width=\"1500\" height=\"630\" src=\"https:\/\/www.sonnevillas.com\/blog\/wp-content\/uploads\/2024\/11\/path-1823381_1920-1500x630.jpg\" alt=\"\" class=\"wp-image-584\"\/><\/figure>\n\n\n\n<hr class=\"wp-block-separator has-alpha-channel-opacity\"\/>\n\n\n\n<h4 class=\"wp-block-heading\">4. Lleva suficiente agua y snacks<\/h4>\n\n\n\n<p>Aunque Menorca cuenta con varias fuentes naturales, no todas son accesibles desde el camino, y algunas \u00e1reas pueden estar alejadas de zonas de abastecimiento. Lleva siempre suficiente agua para todo el recorrido diario y snacks nutritivos, como frutos secos o barras energ\u00e9ticas, para mantener tu energ\u00eda.<\/p>\n\n\n\n<hr class=\"wp-block-separator has-alpha-channel-opacity\"\/>\n\n\n\n<h4 class=\"wp-block-heading\">5. Inf\u00f3rmate sobre el clima y las condiciones de la ruta<\/h4>\n\n\n\n<p>El clima en Menorca puede ser impredecible, especialmente en primavera y oto\u00f1o, cuando algunas etapas pueden estar resbaladizas o con barro. Durante el verano, la exposici\u00f3n al sol es intensa, por lo que es importante empezar temprano en la ma\u00f1ana y evitar las horas m\u00e1s calurosas del d\u00eda.<\/p>\n\n\n\n<hr class=\"wp-block-separator has-alpha-channel-opacity\"\/>\n\n\n\n<h4 class=\"wp-block-heading\">6. Respeta la naturaleza y sigue las se\u00f1ales<\/h4>\n\n\n\n<p>El Cam\u00ed de Cavalls es un patrimonio natural protegido, por lo que es importante respetar la flora y fauna locales. Sigue siempre las se\u00f1ales del camino (marcadas en blanco y rojo) y no te desv\u00edes de la ruta para evitar da\u00f1ar la vegetaci\u00f3n o molestar a la fauna aut\u00f3ctona.<\/p>\n\n\n\n<figure class=\"wp-block-image size-large\"><img loading=\"lazy\" decoding=\"async\" width=\"1500\" height=\"630\" src=\"https:\/\/www.sonnevillas.com\/blog\/wp-content\/uploads\/2024\/11\/billy-goat-1572334_1920-1500x630.jpg\" alt=\"\" class=\"wp-image-589\"\/><\/figure>\n\n\n\n<hr class=\"wp-block-separator has-alpha-channel-opacity\"\/>\n\n\n\n<h3 class=\"wp-block-heading\">Disfruta la experiencia al m\u00e1ximo<\/h3>\n\n\n\n<p>Recorrer el Cam\u00ed de Cavalls es mucho m\u00e1s que una caminata; es una experiencia para sumergirse en la naturaleza y en la rica historia de Menorca. Cada etapa tiene su encanto \u00fanico, ya sea a trav\u00e9s de playas paradis\u00edacas o acantilados impresionantes. Prepararte adecuadamente te permitir\u00e1 disfrutar de esta aventura con comodidad y seguridad.<\/p>\n\n\n\n<p>\u00bfListo para la aventura? \u00a1Ven y descubre todo lo que el Cam\u00ed de Cavalls tiene para ofrecer en Menorca!<\/p>\n\n\n\n<hr class=\"wp-block-separator has-alpha-channel-opacity\"\/>\n\n\n\n<p>Si buscas un lugar donde relajarte y descansar tras una intensa jornada de senderismo, en<a href=\"https:\/\/www.sonnevillas.com\/\"> <strong>Sonne Villas<\/strong><\/a> te ofrecemos el confort y tranquilidad que necesitas. \u00a1Te esperamos para hacer de tu viaje una experiencia inolvidable!<\/p>\n","protected":false},"excerpt":{"rendered":"<p>El Cam\u00ed de Cavalls es una de las rutas m\u00e1s espectaculares de Menorca. Este sendero hist\u00f3rico bordea la isla y ofrece 185 kil\u00f3metros de paisajes \u00fanicos, acantilados, playas v\u00edrgenes, y vegetaci\u00f3n aut\u00f3ctona. Si est\u00e1s pensando en emprender esta aventura, aqu\u00ed te compartimos una gu\u00eda para que disfrutes al m\u00e1ximo de esta experiencia.<\/p>\n","protected":false},"author":2,"featured_media":374,"comment_status":"open","ping_status":"open","sticky":false,"template":"","format":"standard","meta":{"footnotes":""},"categories":[21],"tags":[29,74,76,23,75,77,78],"class_list":["post-583","post","type-post","status-publish","format-standard","has-post-thumbnail","hentry","category-cami-de-cavalls","tag-cala-galdana","tag-cami-de-cavalls","tag-caminar-en-menorca","tag-menorca","tag-senderismo-menorca","tag-sonne-villas","tag-villas-en-menorca"],"yoast_head":"<!-- This site is optimized with the Yoast SEO plugin v27.5 - https:\/\/yoast.com\/product\/yoast-seo-wordpress\/ -->\n<title>\u00bfC\u00f3mo prepararse para recorrer el Cam\u00ed de Cavalls en Menorca? - Blog<\/title>\n<meta name=\"robots\" content=\"index, follow, max-snippet:-1, max-image-preview:large, max-video-preview:-1\" \/>\n<link rel=\"canonical\" href=\"https:\/\/www.sonnevillas.com\/blog\/como-prepararse-para-recorrer-el-cami-de-cavalls-en-menorca\/\" \/>\n<meta property=\"og:locale\" content=\"es_ES\" \/>\n<meta property=\"og:type\" content=\"article\" \/>\n<meta property=\"og:title\" content=\"\u00bfC\u00f3mo prepararse para recorrer el Cam\u00ed de Cavalls en Menorca? - Blog\" \/>\n<meta property=\"og:description\" content=\"El Cam\u00ed de Cavalls es una de las rutas m\u00e1s espectaculares de Menorca. Este sendero hist\u00f3rico bordea la isla y ofrece 185 kil\u00f3metros de paisajes \u00fanicos, acantilados, playas v\u00edrgenes, y vegetaci\u00f3n aut\u00f3ctona. Si est\u00e1s pensando en emprender esta aventura, aqu\u00ed te compartimos una gu\u00eda para que disfrutes al m\u00e1ximo de esta experiencia.\" \/>\n<meta property=\"og:url\" content=\"https:\/\/www.sonnevillas.com\/blog\/como-prepararse-para-recorrer-el-cami-de-cavalls-en-menorca\/\" \/>\n<meta property=\"og:site_name\" content=\"Blog\" \/>\n<meta property=\"article:published_time\" content=\"2024-11-20T08:25:11+00:00\" \/>\n<meta property=\"article:modified_time\" content=\"2024-11-20T08:25:13+00:00\" \/>\n<meta property=\"og:image\" content=\"https:\/\/www.sonnevillas.com\/blog\/wp-content\/uploads\/2024\/04\/Cami-de-Cavalls-sonne-villas-menorca.jpg\" \/>\n\t<meta property=\"og:image:width\" content=\"1893\" \/>\n\t<meta property=\"og:image:height\" content=\"1218\" \/>\n\t<meta property=\"og:image:type\" content=\"image\/jpeg\" \/>\n<meta name=\"author\" content=\"sonnevillas\" \/>\n<meta name=\"twitter:card\" content=\"summary_large_image\" \/>\n<meta name=\"twitter:label1\" content=\"Escrito por\" \/>\n\t<meta name=\"twitter:data1\" content=\"sonnevillas\" \/>\n\t<meta name=\"twitter:label2\" content=\"Tiempo de lectura\" \/>\n\t<meta name=\"twitter:data2\" content=\"4 minutos\" \/>\n<script type=\"application\/ld+json\" class=\"yoast-schema-graph\">{\"@context\":\"https:\\\/\\\/schema.org\",\"@graph\":[{\"@type\":\"Article\",\"@id\":\"https:\\\/\\\/www.sonnevillas.com\\\/blog\\\/como-prepararse-para-recorrer-el-cami-de-cavalls-en-menorca\\\/#article\",\"isPartOf\":{\"@id\":\"https:\\\/\\\/www.sonnevillas.com\\\/blog\\\/como-prepararse-para-recorrer-el-cami-de-cavalls-en-menorca\\\/\"},\"author\":{\"name\":\"sonnevillas\",\"@id\":\"https:\\\/\\\/www.sonnevillas.com\\\/blog\\\/#\\\/schema\\\/person\\\/9ffed7521881a8e6f2446a03f1e3978a\"},\"headline\":\"\u00bfC\u00f3mo prepararse para recorrer el Cam\u00ed de Cavalls en Menorca?\",\"datePublished\":\"2024-11-20T08:25:11+00:00\",\"dateModified\":\"2024-11-20T08:25:13+00:00\",\"mainEntityOfPage\":{\"@id\":\"https:\\\/\\\/www.sonnevillas.com\\\/blog\\\/como-prepararse-para-recorrer-el-cami-de-cavalls-en-menorca\\\/\"},\"wordCount\":691,\"commentCount\":0,\"image\":{\"@id\":\"https:\\\/\\\/www.sonnevillas.com\\\/blog\\\/como-prepararse-para-recorrer-el-cami-de-cavalls-en-menorca\\\/#primaryimage\"},\"thumbnailUrl\":\"https:\\\/\\\/www.sonnevillas.com\\\/blog\\\/wp-content\\\/uploads\\\/2024\\\/04\\\/Cami-de-Cavalls-sonne-villas-menorca.jpg\",\"keywords\":[\"cala galdana\",\"cami de cavalls\",\"caminar en menorca\",\"Menorca\",\"senderismo menorca\",\"sonne villas\",\"villas en menorca\"],\"articleSection\":[\"Cam\u00ed de cavalls\"],\"inLanguage\":\"es\",\"potentialAction\":[{\"@type\":\"CommentAction\",\"name\":\"Comment\",\"target\":[\"https:\\\/\\\/www.sonnevillas.com\\\/blog\\\/como-prepararse-para-recorrer-el-cami-de-cavalls-en-menorca\\\/#respond\"]}]},{\"@type\":\"WebPage\",\"@id\":\"https:\\\/\\\/www.sonnevillas.com\\\/blog\\\/como-prepararse-para-recorrer-el-cami-de-cavalls-en-menorca\\\/\",\"url\":\"https:\\\/\\\/www.sonnevillas.com\\\/blog\\\/como-prepararse-para-recorrer-el-cami-de-cavalls-en-menorca\\\/\",\"name\":\"\u00bfC\u00f3mo prepararse para recorrer el Cam\u00ed de Cavalls en Menorca? - Blog\",\"isPartOf\":{\"@id\":\"https:\\\/\\\/www.sonnevillas.com\\\/blog\\\/#website\"},\"primaryImageOfPage\":{\"@id\":\"https:\\\/\\\/www.sonnevillas.com\\\/blog\\\/como-prepararse-para-recorrer-el-cami-de-cavalls-en-menorca\\\/#primaryimage\"},\"image\":{\"@id\":\"https:\\\/\\\/www.sonnevillas.com\\\/blog\\\/como-prepararse-para-recorrer-el-cami-de-cavalls-en-menorca\\\/#primaryimage\"},\"thumbnailUrl\":\"https:\\\/\\\/www.sonnevillas.com\\\/blog\\\/wp-content\\\/uploads\\\/2024\\\/04\\\/Cami-de-Cavalls-sonne-villas-menorca.jpg\",\"datePublished\":\"2024-11-20T08:25:11+00:00\",\"dateModified\":\"2024-11-20T08:25:13+00:00\",\"author\":{\"@id\":\"https:\\\/\\\/www.sonnevillas.com\\\/blog\\\/#\\\/schema\\\/person\\\/9ffed7521881a8e6f2446a03f1e3978a\"},\"breadcrumb\":{\"@id\":\"https:\\\/\\\/www.sonnevillas.com\\\/blog\\\/como-prepararse-para-recorrer-el-cami-de-cavalls-en-menorca\\\/#breadcrumb\"},\"inLanguage\":\"es\",\"potentialAction\":[{\"@type\":\"ReadAction\",\"target\":[\"https:\\\/\\\/www.sonnevillas.com\\\/blog\\\/como-prepararse-para-recorrer-el-cami-de-cavalls-en-menorca\\\/\"]}]},{\"@type\":\"ImageObject\",\"inLanguage\":\"es\",\"@id\":\"https:\\\/\\\/www.sonnevillas.com\\\/blog\\\/como-prepararse-para-recorrer-el-cami-de-cavalls-en-menorca\\\/#primaryimage\",\"url\":\"https:\\\/\\\/www.sonnevillas.com\\\/blog\\\/wp-content\\\/uploads\\\/2024\\\/04\\\/Cami-de-Cavalls-sonne-villas-menorca.jpg\",\"contentUrl\":\"https:\\\/\\\/www.sonnevillas.com\\\/blog\\\/wp-content\\\/uploads\\\/2024\\\/04\\\/Cami-de-Cavalls-sonne-villas-menorca.jpg\",\"width\":1893,\"height\":1218},{\"@type\":\"BreadcrumbList\",\"@id\":\"https:\\\/\\\/www.sonnevillas.com\\\/blog\\\/como-prepararse-para-recorrer-el-cami-de-cavalls-en-menorca\\\/#breadcrumb\",\"itemListElement\":[{\"@type\":\"ListItem\",\"position\":1,\"name\":\"Portada\",\"item\":\"https:\\\/\\\/www.sonnevillas.com\\\/blog\\\/\"},{\"@type\":\"ListItem\",\"position\":2,\"name\":\"\u00bfC\u00f3mo prepararse para recorrer el Cam\u00ed de Cavalls en Menorca?\"}]},{\"@type\":\"WebSite\",\"@id\":\"https:\\\/\\\/www.sonnevillas.com\\\/blog\\\/#website\",\"url\":\"https:\\\/\\\/www.sonnevillas.com\\\/blog\\\/\",\"name\":\"Blog\",\"description\":\"SonneVillas\",\"potentialAction\":[{\"@type\":\"SearchAction\",\"target\":{\"@type\":\"EntryPoint\",\"urlTemplate\":\"https:\\\/\\\/www.sonnevillas.com\\\/blog\\\/?s={search_term_string}\"},\"query-input\":{\"@type\":\"PropertyValueSpecification\",\"valueRequired\":true,\"valueName\":\"search_term_string\"}}],\"inLanguage\":\"es\"},{\"@type\":\"Person\",\"@id\":\"https:\\\/\\\/www.sonnevillas.com\\\/blog\\\/#\\\/schema\\\/person\\\/9ffed7521881a8e6f2446a03f1e3978a\",\"name\":\"sonnevillas\",\"image\":{\"@type\":\"ImageObject\",\"inLanguage\":\"es\",\"@id\":\"https:\\\/\\\/secure.gravatar.com\\\/avatar\\\/5b6e10531a703617cb3d4787bbea306c12ba0b63576de8d4a782ca99f9d6e622?s=96&d=mm&r=g\",\"url\":\"https:\\\/\\\/secure.gravatar.com\\\/avatar\\\/5b6e10531a703617cb3d4787bbea306c12ba0b63576de8d4a782ca99f9d6e622?s=96&d=mm&r=g\",\"contentUrl\":\"https:\\\/\\\/secure.gravatar.com\\\/avatar\\\/5b6e10531a703617cb3d4787bbea306c12ba0b63576de8d4a782ca99f9d6e622?s=96&d=mm&r=g\",\"caption\":\"sonnevillas\"},\"url\":\"https:\\\/\\\/www.sonnevillas.com\\\/blog\\\/author\\\/sonnevillas\\\/\"}]}<\/script>\n<!-- \/ Yoast SEO plugin. -->","yoast_head_json":{"title":"\u00bfC\u00f3mo prepararse para recorrer el Cam\u00ed de Cavalls en Menorca? - Blog","robots":{"index":"index","follow":"follow","max-snippet":"max-snippet:-1","max-image-preview":"max-image-preview:large","max-video-preview":"max-video-preview:-1"},"canonical":"https:\/\/www.sonnevillas.com\/blog\/como-prepararse-para-recorrer-el-cami-de-cavalls-en-menorca\/","og_locale":"es_ES","og_type":"article","og_title":"\u00bfC\u00f3mo prepararse para recorrer el Cam\u00ed de Cavalls en Menorca? - Blog","og_description":"El Cam\u00ed de Cavalls es una de las rutas m\u00e1s espectaculares de Menorca. Este sendero hist\u00f3rico bordea la isla y ofrece 185 kil\u00f3metros de paisajes \u00fanicos, acantilados, playas v\u00edrgenes, y vegetaci\u00f3n aut\u00f3ctona. Si est\u00e1s pensando en emprender esta aventura, aqu\u00ed te compartimos una gu\u00eda para que disfrutes al m\u00e1ximo de esta experiencia.","og_url":"https:\/\/www.sonnevillas.com\/blog\/como-prepararse-para-recorrer-el-cami-de-cavalls-en-menorca\/","og_site_name":"Blog","article_published_time":"2024-11-20T08:25:11+00:00","article_modified_time":"2024-11-20T08:25:13+00:00","og_image":[{"width":1893,"height":1218,"url":"https:\/\/www.sonnevillas.com\/blog\/wp-content\/uploads\/2024\/04\/Cami-de-Cavalls-sonne-villas-menorca.jpg","type":"image\/jpeg"}],"author":"sonnevillas","twitter_card":"summary_large_image","twitter_misc":{"Escrito por":"sonnevillas","Tiempo de lectura":"4 minutos"},"schema":{"@context":"https:\/\/schema.org","@graph":[{"@type":"Article","@id":"https:\/\/www.sonnevillas.com\/blog\/como-prepararse-para-recorrer-el-cami-de-cavalls-en-menorca\/#article","isPartOf":{"@id":"https:\/\/www.sonnevillas.com\/blog\/como-prepararse-para-recorrer-el-cami-de-cavalls-en-menorca\/"},"author":{"name":"sonnevillas","@id":"https:\/\/www.sonnevillas.com\/blog\/#\/schema\/person\/9ffed7521881a8e6f2446a03f1e3978a"},"headline":"\u00bfC\u00f3mo prepararse para recorrer el Cam\u00ed de Cavalls en Menorca?","datePublished":"2024-11-20T08:25:11+00:00","dateModified":"2024-11-20T08:25:13+00:00","mainEntityOfPage":{"@id":"https:\/\/www.sonnevillas.com\/blog\/como-prepararse-para-recorrer-el-cami-de-cavalls-en-menorca\/"},"wordCount":691,"commentCount":0,"image":{"@id":"https:\/\/www.sonnevillas.com\/blog\/como-prepararse-para-recorrer-el-cami-de-cavalls-en-menorca\/#primaryimage"},"thumbnailUrl":"https:\/\/www.sonnevillas.com\/blog\/wp-content\/uploads\/2024\/04\/Cami-de-Cavalls-sonne-villas-menorca.jpg","keywords":["cala galdana","cami de cavalls","caminar en menorca","Menorca","senderismo menorca","sonne villas","villas en menorca"],"articleSection":["Cam\u00ed de cavalls"],"inLanguage":"es","potentialAction":[{"@type":"CommentAction","name":"Comment","target":["https:\/\/www.sonnevillas.com\/blog\/como-prepararse-para-recorrer-el-cami-de-cavalls-en-menorca\/#respond"]}]},{"@type":"WebPage","@id":"https:\/\/www.sonnevillas.com\/blog\/como-prepararse-para-recorrer-el-cami-de-cavalls-en-menorca\/","url":"https:\/\/www.sonnevillas.com\/blog\/como-prepararse-para-recorrer-el-cami-de-cavalls-en-menorca\/","name":"\u00bfC\u00f3mo prepararse para recorrer el Cam\u00ed de Cavalls en Menorca? - Blog","isPartOf":{"@id":"https:\/\/www.sonnevillas.com\/blog\/#website"},"primaryImageOfPage":{"@id":"https:\/\/www.sonnevillas.com\/blog\/como-prepararse-para-recorrer-el-cami-de-cavalls-en-menorca\/#primaryimage"},"image":{"@id":"https:\/\/www.sonnevillas.com\/blog\/como-prepararse-para-recorrer-el-cami-de-cavalls-en-menorca\/#primaryimage"},"thumbnailUrl":"https:\/\/www.sonnevillas.com\/blog\/wp-content\/uploads\/2024\/04\/Cami-de-Cavalls-sonne-villas-menorca.jpg","datePublished":"2024-11-20T08:25:11+00:00","dateModified":"2024-11-20T08:25:13+00:00","author":{"@id":"https:\/\/www.sonnevillas.com\/blog\/#\/schema\/person\/9ffed7521881a8e6f2446a03f1e3978a"},"breadcrumb":{"@id":"https:\/\/www.sonnevillas.com\/blog\/como-prepararse-para-recorrer-el-cami-de-cavalls-en-menorca\/#breadcrumb"},"inLanguage":"es","potentialAction":[{"@type":"ReadAction","target":["https:\/\/www.sonnevillas.com\/blog\/como-prepararse-para-recorrer-el-cami-de-cavalls-en-menorca\/"]}]},{"@type":"ImageObject","inLanguage":"es","@id":"https:\/\/www.sonnevillas.com\/blog\/como-prepararse-para-recorrer-el-cami-de-cavalls-en-menorca\/#primaryimage","url":"https:\/\/www.sonnevillas.com\/blog\/wp-content\/uploads\/2024\/04\/Cami-de-Cavalls-sonne-villas-menorca.jpg","contentUrl":"https:\/\/www.sonnevillas.com\/blog\/wp-content\/uploads\/2024\/04\/Cami-de-Cavalls-sonne-villas-menorca.jpg","width":1893,"height":1218},{"@type":"BreadcrumbList","@id":"https:\/\/www.sonnevillas.com\/blog\/como-prepararse-para-recorrer-el-cami-de-cavalls-en-menorca\/#breadcrumb","itemListElement":[{"@type":"ListItem","position":1,"name":"Portada","item":"https:\/\/www.sonnevillas.com\/blog\/"},{"@type":"ListItem","position":2,"name":"\u00bfC\u00f3mo prepararse para recorrer el Cam\u00ed de Cavalls en Menorca?"}]},{"@type":"WebSite","@id":"https:\/\/www.sonnevillas.com\/blog\/#website","url":"https:\/\/www.sonnevillas.com\/blog\/","name":"Blog","description":"SonneVillas","potentialAction":[{"@type":"SearchAction","target":{"@type":"EntryPoint","urlTemplate":"https:\/\/www.sonnevillas.com\/blog\/?s={search_term_string}"},"query-input":{"@type":"PropertyValueSpecification","valueRequired":true,"valueName":"search_term_string"}}],"inLanguage":"es"},{"@type":"Person","@id":"https:\/\/www.sonnevillas.com\/blog\/#\/schema\/person\/9ffed7521881a8e6f2446a03f1e3978a","name":"sonnevillas","image":{"@type":"ImageObject","inLanguage":"es","@id":"https:\/\/secure.gravatar.com\/avatar\/5b6e10531a703617cb3d4787bbea306c12ba0b63576de8d4a782ca99f9d6e622?s=96&d=mm&r=g","url":"https:\/\/secure.gravatar.com\/avatar\/5b6e10531a703617cb3d4787bbea306c12ba0b63576de8d4a782ca99f9d6e622?s=96&d=mm&r=g","contentUrl":"https:\/\/secure.gravatar.com\/avatar\/5b6e10531a703617cb3d4787bbea306c12ba0b63576de8d4a782ca99f9d6e622?s=96&d=mm&r=g","caption":"sonnevillas"},"url":"https:\/\/www.sonnevillas.com\/blog\/author\/sonnevillas\/"}]}},"_links":{"self":[{"href":"https:\/\/www.sonnevillas.com\/blog\/wp-json\/wp\/v2\/posts\/583","targetHints":{"allow":["GET"]}}],"collection":[{"href":"https:\/\/www.sonnevillas.com\/blog\/wp-json\/wp\/v2\/posts"}],"about":[{"href":"https:\/\/www.sonnevillas.com\/blog\/wp-json\/wp\/v2\/types\/post"}],"author":[{"embeddable":true,"href":"https:\/\/www.sonnevillas.com\/blog\/wp-json\/wp\/v2\/users\/2"}],"replies":[{"embeddable":true,"href":"https:\/\/www.sonnevillas.com\/blog\/wp-json\/wp\/v2\/comments?post=583"}],"version-history":[{"count":1,"href":"https:\/\/www.sonnevillas.com\/blog\/wp-json\/wp\/v2\/posts\/583\/revisions"}],"predecessor-version":[{"id":594,"href":"https:\/\/www.sonnevillas.com\/blog\/wp-json\/wp\/v2\/posts\/583\/revisions\/594"}],"wp:featuredmedia":[{"embeddable":true,"href":"https:\/\/www.sonnevillas.com\/blog\/wp-json\/wp\/v2\/media\/374"}],"wp:attachment":[{"href":"https:\/\/www.sonnevillas.com\/blog\/wp-json\/wp\/v2\/media?parent=583"}],"wp:term":[{"taxonomy":"category","embeddable":true,"href":"https:\/\/www.sonnevillas.com\/blog\/wp-json\/wp\/v2\/categories?post=583"},{"taxonomy":"post_tag","embeddable":true,"href":"https:\/\/www.sonnevillas.com\/blog\/wp-json\/wp\/v2\/tags?post=583"}],"curies":[{"name":"wp","href":"https:\/\/api.w.org\/{rel}","templated":true}]}}