{"id":599,"date":"2024-12-30T10:40:59","date_gmt":"2024-12-30T10:40:59","guid":{"rendered":"https:\/\/www.sonnevillas.com\/blog\/?p=599"},"modified":"2024-12-30T10:41:00","modified_gmt":"2024-12-30T10:41:00","slug":"10-curiosidades-sobre-menorca-que-probablemente-no-sabias","status":"publish","type":"post","link":"https:\/\/www.sonnevillas.com\/blog\/10-curiosidades-sobre-menorca-que-probablemente-no-sabias\/","title":{"rendered":"10 Curiosidades sobre Menorca que Probablemente No Sab\u00edas"},"content":{"rendered":"\n<h3 class=\"wp-block-heading\">Menorca, la segunda isla m\u00e1s grande del archipi\u00e9lago balear, es un verdadero para\u00edso lleno de historia, cultura y paisajes \u00fanicos. Aunque es conocida por sus playas de ensue\u00f1o y su tranquilidad, esta joya del Mediterr\u00e1neo esconde secretos fascinantes. \u00a1Aqu\u00ed tienes 10 curiosidades sobre Menorca que te sorprender\u00e1n!<\/h3>\n\n\n\n<figure class=\"wp-block-image size-large\"><img loading=\"lazy\" decoding=\"async\" width=\"1500\" height=\"630\" src=\"https:\/\/www.sonnevillas.com\/blog\/wp-content\/uploads\/2024\/12\/bay-5632262_1920-1500x630.jpg\" alt=\"\" class=\"wp-image-600\"\/><\/figure>\n\n\n\n<hr class=\"wp-block-separator has-alpha-channel-opacity\"\/>\n\n\n\n<h4 class=\"wp-block-heading has-large-font-size\">1. <strong>Un Museo al Aire Libre de la Cultura Talay\u00f3tica<\/strong><\/h4>\n\n\n\n<p>Menorca alberga m\u00e1s de 1.500 monumentos prehist\u00f3ricos de la cultura talay\u00f3tica, como talayots, taulas y navetas, lo que la convierte en uno de los lugares con mayor densidad de restos arqueol\u00f3gicos en el Mediterr\u00e1neo. Estos vestigios, que datan de m\u00e1s de 3.000 a\u00f1os, permiten a los visitantes viajar al pasado y descubrir c\u00f3mo viv\u00edan las primeras civilizaciones de la isla.<\/p>\n\n\n\n<hr class=\"wp-block-separator has-alpha-channel-opacity\"\/>\n\n\n\n<h4 class=\"wp-block-heading has-large-font-size\">2. <strong>Reserva de la Biosfera desde 1993<\/strong><\/h4>\n\n\n\n<p>En 1993, Menorca fue declarada Reserva de la Biosfera por la UNESCO. Esto se debe a su equilibrio entre desarrollo humano y conservaci\u00f3n natural. Sus humedales, cuevas y especies \u00fanicas la convierten en un lugar \u00fanico para los amantes de la naturaleza.<\/p>\n\n\n\n<hr class=\"wp-block-separator has-alpha-channel-opacity\"\/>\n\n\n\n<h4 class=\"wp-block-heading has-large-font-size\">3. <strong>El Gin de Mah\u00f3n y su Historia Naval<\/strong><\/h4>\n\n\n\n<p>El <strong>gin de Mah\u00f3n<\/strong>, uno de los licores m\u00e1s emblem\u00e1ticos de la isla, tiene ra\u00edces brit\u00e1nicas. Durante la ocupaci\u00f3n inglesa en el siglo XVIII, los marineros introdujeron la ginebra en Menorca, y la isla la adapt\u00f3 a su propio estilo. \u00a1No puedes irte sin probarlo!<\/p>\n\n\n\n<figure class=\"wp-block-image size-large\"><img loading=\"lazy\" decoding=\"async\" width=\"1500\" height=\"630\" src=\"https:\/\/www.sonnevillas.com\/blog\/wp-content\/uploads\/2023\/01\/gin-xoriguer-menorca-sonne-villas-1500x630.jpg\" alt=\"\" class=\"wp-image-173\"\/><\/figure>\n\n\n\n<hr class=\"wp-block-separator has-alpha-channel-opacity\"\/>\n\n\n\n<h4 class=\"wp-block-heading has-large-font-size\">4. <strong>El Lugar Donde Sale el Sol Primero<\/strong> <strong>de Espa\u00f1a<\/strong><\/h4>\n\n\n\n<p>Menorca es conocida como \u00abla isla del primer sol\u00bb, ya que su ubicaci\u00f3n oriental la convierte en el primer lugar de Espa\u00f1a donde amanece. Favaritx y todo el levante menorqu\u00edn son sitios perfectos para disfrutar de un amanecer inolvidable.<\/p>\n\n\n\n<hr class=\"wp-block-separator has-alpha-channel-opacity\"\/>\n\n\n\n<h4 class=\"wp-block-heading has-large-font-size\">5. <strong>Un \u00abCam\u00ed de Cavalls\u00bb Hist\u00f3rico<\/strong><\/h4>\n\n\n\n<p>El <strong>Cam\u00ed de Cavalls<\/strong>, un sendero que rodea la isla, tiene siglos de historia. Originalmente fue utilizado por soldados para vigilar la costa. Hoy en d\u00eda, es un atractivo para excursionistas, ciclistas y jinetes que desean explorar los paisajes de Menorca.<\/p>\n\n\n\n<figure class=\"wp-block-gallery has-nested-images columns-default is-cropped wp-block-gallery-1 is-layout-flex wp-block-gallery-is-layout-flex\">\n<figure class=\"wp-block-image size-large\"><img loading=\"lazy\" decoding=\"async\" width=\"1500\" height=\"630\" data-id=\"605\" src=\"https:\/\/www.sonnevillas.com\/blog\/wp-content\/uploads\/2024\/12\/path-1823381_1920-1500x630.jpg\" alt=\"\" class=\"wp-image-605\"\/><\/figure>\n<\/figure>\n\n\n\n<hr class=\"wp-block-separator has-alpha-channel-opacity\"\/>\n\n\n\n<h4 class=\"wp-block-heading has-large-font-size\">6. <strong>La Isla de los Mil Nombres<\/strong><\/h4>\n\n\n\n<p>Menorca ha tenido muchos nombres a lo largo de la historia. Los fenicios la llamaron <strong>Nura<\/strong> (\u00abisla del fuego\u00bb), mientras que los romanos la bautizaron como <strong>Balearis Minor<\/strong> por su tama\u00f1o. En \u00e1rabe, fue conocida como <strong>Man\u00fbrqa<\/strong>, y los brit\u00e1nicos, durante su ocupaci\u00f3n, la apodaron simplemente <strong>Minorca<\/strong>. Cada uno de estos nombres refleja la riqueza cultural que caracteriza a la isla.<\/p>\n\n\n\n<p>En <strong>Sonne Villas<\/strong>, te invitamos a experimentar todas las facetas de Menorca desde un lugar que combina confort y autenticidad. Ubicados estrat\u00e9gicamente, nuestras villas son perfectas para descubrir la historia, la cultura y los paisajes que hacen de esta isla un lugar tan especial.<\/p>\n\n\n\n<hr class=\"wp-block-separator has-alpha-channel-opacity\"\/>\n\n\n\n<h4 class=\"wp-block-heading has-large-font-size\">7. <strong>M\u00e1s playas que su Vecina Mallorca<\/strong><\/h4>\n\n\n\n<p>Aunque Menorca es m\u00e1s peque\u00f1a que Mallorca, sorprendentemente tiene m\u00e1s playas que su vecina. Desde las calas v\u00edrgenes del sur hasta las playas salvajes del norte, la isla ofrece una variedad incomparable.<\/p>\n\n\n\n<hr class=\"wp-block-separator has-alpha-channel-opacity\"\/>\n\n\n\n<h4 class=\"wp-block-heading has-large-font-size\">8. <strong>Una gran herencia musulmana<\/strong><\/h4>\n\n\n\n<p>La influencia musulmana en Menorca es profunda y est\u00e1 presente en m\u00faltiples rincones de la isla. Durante m\u00e1s de 300 a\u00f1os, entre los siglos VIII y XIII, los \u00e1rabes dejaron un legado visible en su arquitectura, tradiciones e incluso en la toponimia.<\/p>\n\n\n\n<p>El <strong>Castillo de Santa \u00c1gueda<\/strong>, situado en lo alto de una colina cerca de Ferreries, es uno de los mejores ejemplos de esta herencia. Aunque hoy solo quedan restos de esta fortaleza, que fue utilizada por los musulmanes como punto estrat\u00e9gico, su ubicaci\u00f3n y sus vistas ofrecen una experiencia \u00fanica.<\/p>\n\n\n\n<p>Adem\u00e1s, la estructura original de la ciudad de Ciutadella, muchas palabras y nombres de fincas o el sistema de riego introducido en los campos de cultivo son testimonios vivos de la huella isl\u00e1mica en la isla.<\/p>\n\n\n\n<hr class=\"wp-block-separator has-alpha-channel-opacity\"\/>\n\n\n\n<h4 class=\"wp-block-heading has-large-font-size\">9. <strong>Una Geolog\u00eda \u00fanica<\/strong><\/h4>\n\n\n\n<p>La isla est\u00e1 dividida en dos zonas geol\u00f3gicas bien diferenciadas que separan la isla en dos: el norte (Tramuntana) con paisajes rocosos y salvajes, y el sur (Migjorn), caracterizado por calas de arena blanca y suaves colinas.<\/p>\n\n\n\n<figure class=\"wp-block-image size-full\"><img loading=\"lazy\" decoding=\"async\" width=\"850\" height=\"567\" src=\"https:\/\/www.sonnevillas.com\/blog\/wp-content\/uploads\/2023\/02\/cala-pilar-sonne-menorca-sonne-villas-playa.jpeg\" alt=\"\" class=\"wp-image-227\" srcset=\"https:\/\/www.sonnevillas.com\/blog\/wp-content\/uploads\/2023\/02\/cala-pilar-sonne-menorca-sonne-villas-playa.jpeg 850w, https:\/\/www.sonnevillas.com\/blog\/wp-content\/uploads\/2023\/02\/cala-pilar-sonne-menorca-sonne-villas-playa-360x240.jpeg 360w, https:\/\/www.sonnevillas.com\/blog\/wp-content\/uploads\/2023\/02\/cala-pilar-sonne-menorca-sonne-villas-playa-768x512.jpeg 768w\" sizes=\"auto, (max-width: 850px) 100vw, 850px\" \/><\/figure>\n\n\n\n<hr class=\"wp-block-separator has-alpha-channel-opacity\"\/>\n\n\n\n<h4 class=\"wp-block-heading has-large-font-size\">10. <strong>Sobre el Queso Mah\u00f3n<\/strong><\/h4>\n\n\n\n<p>El <strong>queso de Mah\u00f3n<\/strong> es una de las joyas gastron\u00f3micas de Menorca. Su sabor caracter\u00edstico proviene de las brisas saladas del Mediterr\u00e1neo, que impregnan la leche de las vacas locales. Es un producto con Denominaci\u00f3n de Origen Protegida (DOP).<\/p>\n\n\n\n<hr class=\"wp-block-separator has-alpha-channel-opacity\"\/>\n\n\n\n<p>Menorca no solo es un destino de playas paradis\u00edacas, sino tambi\u00e9n un lugar cargado de historia, cultura y maravillas naturales. En <strong>Sonne Villas<\/strong>, queremos que cada detalle de tu estancia sea tan especial como la isla misma. Nuestro alojamiento te permitir\u00e1 relajarte despu\u00e9s de un d\u00eda de aventuras descubriendo estos secretos. \u00bfListo para comenzar tu pr\u00f3xima escapada a Menorca? \ud83c\udf1e <a href=\"http:\/\/www.sonnevillas.com\">www.sonnevillas.com<\/a><\/p>\n\n\n\n<p><\/p>\n","protected":false},"excerpt":{"rendered":"<p>Menorca, la segunda isla m\u00e1s grande del archipi\u00e9lago balear, es un verdadero para\u00edso lleno de historia, cultura y paisajes \u00fanicos&#8230;.<\/p>\n","protected":false},"author":2,"featured_media":77,"comment_status":"open","ping_status":"open","sticky":false,"template":"","format":"standard","meta":{"footnotes":""},"categories":[1],"tags":[74,79,23,43],"class_list":["post-599","post","type-post","status-publish","format-standard","has-post-thumbnail","hentry","category-sin-categorizar","tag-cami-de-cavalls","tag-curiosidades","tag-menorca","tag-sonnevillas"],"yoast_head":"<!-- This site is optimized with the Yoast SEO plugin v27.5 - https:\/\/yoast.com\/product\/yoast-seo-wordpress\/ -->\n<title>10 Curiosidades sobre Menorca que Probablemente No Sab\u00edas - Blog<\/title>\n<meta name=\"robots\" content=\"index, follow, max-snippet:-1, max-image-preview:large, max-video-preview:-1\" \/>\n<link rel=\"canonical\" href=\"https:\/\/www.sonnevillas.com\/blog\/10-curiosidades-sobre-menorca-que-probablemente-no-sabias\/\" \/>\n<meta property=\"og:locale\" content=\"es_ES\" \/>\n<meta property=\"og:type\" content=\"article\" \/>\n<meta property=\"og:title\" content=\"10 Curiosidades sobre Menorca que Probablemente No Sab\u00edas - Blog\" \/>\n<meta property=\"og:description\" content=\"Menorca, la segunda isla m\u00e1s grande del archipi\u00e9lago balear, es un verdadero para\u00edso lleno de historia, cultura y paisajes \u00fanicos....\" \/>\n<meta property=\"og:url\" content=\"https:\/\/www.sonnevillas.com\/blog\/10-curiosidades-sobre-menorca-que-probablemente-no-sabias\/\" \/>\n<meta property=\"og:site_name\" content=\"Blog\" \/>\n<meta property=\"article:published_time\" content=\"2024-12-30T10:40:59+00:00\" \/>\n<meta property=\"article:modified_time\" content=\"2024-12-30T10:41:00+00:00\" \/>\n<meta property=\"og:image\" content=\"https:\/\/www.sonnevillas.com\/blog\/wp-content\/uploads\/2022\/02\/es-grau-colom-illa-menorca-sonne-sonnevillas.jpeg\" \/>\n\t<meta property=\"og:image:width\" content=\"850\" \/>\n\t<meta property=\"og:image:height\" content=\"567\" \/>\n\t<meta property=\"og:image:type\" content=\"image\/jpeg\" \/>\n<meta name=\"author\" content=\"sonnevillas\" \/>\n<meta name=\"twitter:card\" content=\"summary_large_image\" \/>\n<meta name=\"twitter:label1\" content=\"Escrito por\" \/>\n\t<meta name=\"twitter:data1\" content=\"sonnevillas\" \/>\n\t<meta name=\"twitter:label2\" content=\"Tiempo de lectura\" \/>\n\t<meta name=\"twitter:data2\" content=\"5 minutos\" \/>\n<script type=\"application\/ld+json\" class=\"yoast-schema-graph\">{\"@context\":\"https:\\\/\\\/schema.org\",\"@graph\":[{\"@type\":\"Article\",\"@id\":\"https:\\\/\\\/www.sonnevillas.com\\\/blog\\\/10-curiosidades-sobre-menorca-que-probablemente-no-sabias\\\/#article\",\"isPartOf\":{\"@id\":\"https:\\\/\\\/www.sonnevillas.com\\\/blog\\\/10-curiosidades-sobre-menorca-que-probablemente-no-sabias\\\/\"},\"author\":{\"name\":\"sonnevillas\",\"@id\":\"https:\\\/\\\/www.sonnevillas.com\\\/blog\\\/#\\\/schema\\\/person\\\/9ffed7521881a8e6f2446a03f1e3978a\"},\"headline\":\"10 Curiosidades sobre Menorca que Probablemente No Sab\u00edas\",\"datePublished\":\"2024-12-30T10:40:59+00:00\",\"dateModified\":\"2024-12-30T10:41:00+00:00\",\"mainEntityOfPage\":{\"@id\":\"https:\\\/\\\/www.sonnevillas.com\\\/blog\\\/10-curiosidades-sobre-menorca-que-probablemente-no-sabias\\\/\"},\"wordCount\":799,\"commentCount\":0,\"image\":{\"@id\":\"https:\\\/\\\/www.sonnevillas.com\\\/blog\\\/10-curiosidades-sobre-menorca-que-probablemente-no-sabias\\\/#primaryimage\"},\"thumbnailUrl\":\"https:\\\/\\\/www.sonnevillas.com\\\/blog\\\/wp-content\\\/uploads\\\/2022\\\/02\\\/es-grau-colom-illa-menorca-sonne-sonnevillas.jpeg\",\"keywords\":[\"cami de cavalls\",\"curiosidades\",\"Menorca\",\"sonnevillas\"],\"articleSection\":[\"Sin categorizar\"],\"inLanguage\":\"es\",\"potentialAction\":[{\"@type\":\"CommentAction\",\"name\":\"Comment\",\"target\":[\"https:\\\/\\\/www.sonnevillas.com\\\/blog\\\/10-curiosidades-sobre-menorca-que-probablemente-no-sabias\\\/#respond\"]}]},{\"@type\":\"WebPage\",\"@id\":\"https:\\\/\\\/www.sonnevillas.com\\\/blog\\\/10-curiosidades-sobre-menorca-que-probablemente-no-sabias\\\/\",\"url\":\"https:\\\/\\\/www.sonnevillas.com\\\/blog\\\/10-curiosidades-sobre-menorca-que-probablemente-no-sabias\\\/\",\"name\":\"10 Curiosidades sobre Menorca que Probablemente No Sab\u00edas - Blog\",\"isPartOf\":{\"@id\":\"https:\\\/\\\/www.sonnevillas.com\\\/blog\\\/#website\"},\"primaryImageOfPage\":{\"@id\":\"https:\\\/\\\/www.sonnevillas.com\\\/blog\\\/10-curiosidades-sobre-menorca-que-probablemente-no-sabias\\\/#primaryimage\"},\"image\":{\"@id\":\"https:\\\/\\\/www.sonnevillas.com\\\/blog\\\/10-curiosidades-sobre-menorca-que-probablemente-no-sabias\\\/#primaryimage\"},\"thumbnailUrl\":\"https:\\\/\\\/www.sonnevillas.com\\\/blog\\\/wp-content\\\/uploads\\\/2022\\\/02\\\/es-grau-colom-illa-menorca-sonne-sonnevillas.jpeg\",\"datePublished\":\"2024-12-30T10:40:59+00:00\",\"dateModified\":\"2024-12-30T10:41:00+00:00\",\"author\":{\"@id\":\"https:\\\/\\\/www.sonnevillas.com\\\/blog\\\/#\\\/schema\\\/person\\\/9ffed7521881a8e6f2446a03f1e3978a\"},\"breadcrumb\":{\"@id\":\"https:\\\/\\\/www.sonnevillas.com\\\/blog\\\/10-curiosidades-sobre-menorca-que-probablemente-no-sabias\\\/#breadcrumb\"},\"inLanguage\":\"es\",\"potentialAction\":[{\"@type\":\"ReadAction\",\"target\":[\"https:\\\/\\\/www.sonnevillas.com\\\/blog\\\/10-curiosidades-sobre-menorca-que-probablemente-no-sabias\\\/\"]}]},{\"@type\":\"ImageObject\",\"inLanguage\":\"es\",\"@id\":\"https:\\\/\\\/www.sonnevillas.com\\\/blog\\\/10-curiosidades-sobre-menorca-que-probablemente-no-sabias\\\/#primaryimage\",\"url\":\"https:\\\/\\\/www.sonnevillas.com\\\/blog\\\/wp-content\\\/uploads\\\/2022\\\/02\\\/es-grau-colom-illa-menorca-sonne-sonnevillas.jpeg\",\"contentUrl\":\"https:\\\/\\\/www.sonnevillas.com\\\/blog\\\/wp-content\\\/uploads\\\/2022\\\/02\\\/es-grau-colom-illa-menorca-sonne-sonnevillas.jpeg\",\"width\":850,\"height\":567,\"caption\":\"Menorca Es Grau clean port with llaut boats in Balearic Islands\"},{\"@type\":\"BreadcrumbList\",\"@id\":\"https:\\\/\\\/www.sonnevillas.com\\\/blog\\\/10-curiosidades-sobre-menorca-que-probablemente-no-sabias\\\/#breadcrumb\",\"itemListElement\":[{\"@type\":\"ListItem\",\"position\":1,\"name\":\"Portada\",\"item\":\"https:\\\/\\\/www.sonnevillas.com\\\/blog\\\/\"},{\"@type\":\"ListItem\",\"position\":2,\"name\":\"10 Curiosidades sobre Menorca que Probablemente No Sab\u00edas\"}]},{\"@type\":\"WebSite\",\"@id\":\"https:\\\/\\\/www.sonnevillas.com\\\/blog\\\/#website\",\"url\":\"https:\\\/\\\/www.sonnevillas.com\\\/blog\\\/\",\"name\":\"Blog\",\"description\":\"SonneVillas\",\"potentialAction\":[{\"@type\":\"SearchAction\",\"target\":{\"@type\":\"EntryPoint\",\"urlTemplate\":\"https:\\\/\\\/www.sonnevillas.com\\\/blog\\\/?s={search_term_string}\"},\"query-input\":{\"@type\":\"PropertyValueSpecification\",\"valueRequired\":true,\"valueName\":\"search_term_string\"}}],\"inLanguage\":\"es\"},{\"@type\":\"Person\",\"@id\":\"https:\\\/\\\/www.sonnevillas.com\\\/blog\\\/#\\\/schema\\\/person\\\/9ffed7521881a8e6f2446a03f1e3978a\",\"name\":\"sonnevillas\",\"image\":{\"@type\":\"ImageObject\",\"inLanguage\":\"es\",\"@id\":\"https:\\\/\\\/secure.gravatar.com\\\/avatar\\\/5b6e10531a703617cb3d4787bbea306c12ba0b63576de8d4a782ca99f9d6e622?s=96&d=mm&r=g\",\"url\":\"https:\\\/\\\/secure.gravatar.com\\\/avatar\\\/5b6e10531a703617cb3d4787bbea306c12ba0b63576de8d4a782ca99f9d6e622?s=96&d=mm&r=g\",\"contentUrl\":\"https:\\\/\\\/secure.gravatar.com\\\/avatar\\\/5b6e10531a703617cb3d4787bbea306c12ba0b63576de8d4a782ca99f9d6e622?s=96&d=mm&r=g\",\"caption\":\"sonnevillas\"},\"url\":\"https:\\\/\\\/www.sonnevillas.com\\\/blog\\\/author\\\/sonnevillas\\\/\"}]}<\/script>\n<!-- \/ Yoast SEO plugin. -->","yoast_head_json":{"title":"10 Curiosidades sobre Menorca que Probablemente No Sab\u00edas - Blog","robots":{"index":"index","follow":"follow","max-snippet":"max-snippet:-1","max-image-preview":"max-image-preview:large","max-video-preview":"max-video-preview:-1"},"canonical":"https:\/\/www.sonnevillas.com\/blog\/10-curiosidades-sobre-menorca-que-probablemente-no-sabias\/","og_locale":"es_ES","og_type":"article","og_title":"10 Curiosidades sobre Menorca que Probablemente No Sab\u00edas - Blog","og_description":"Menorca, la segunda isla m\u00e1s grande del archipi\u00e9lago balear, es un verdadero para\u00edso lleno de historia, cultura y paisajes \u00fanicos....","og_url":"https:\/\/www.sonnevillas.com\/blog\/10-curiosidades-sobre-menorca-que-probablemente-no-sabias\/","og_site_name":"Blog","article_published_time":"2024-12-30T10:40:59+00:00","article_modified_time":"2024-12-30T10:41:00+00:00","og_image":[{"width":850,"height":567,"url":"https:\/\/www.sonnevillas.com\/blog\/wp-content\/uploads\/2022\/02\/es-grau-colom-illa-menorca-sonne-sonnevillas.jpeg","type":"image\/jpeg"}],"author":"sonnevillas","twitter_card":"summary_large_image","twitter_misc":{"Escrito por":"sonnevillas","Tiempo de lectura":"5 minutos"},"schema":{"@context":"https:\/\/schema.org","@graph":[{"@type":"Article","@id":"https:\/\/www.sonnevillas.com\/blog\/10-curiosidades-sobre-menorca-que-probablemente-no-sabias\/#article","isPartOf":{"@id":"https:\/\/www.sonnevillas.com\/blog\/10-curiosidades-sobre-menorca-que-probablemente-no-sabias\/"},"author":{"name":"sonnevillas","@id":"https:\/\/www.sonnevillas.com\/blog\/#\/schema\/person\/9ffed7521881a8e6f2446a03f1e3978a"},"headline":"10 Curiosidades sobre Menorca que Probablemente No Sab\u00edas","datePublished":"2024-12-30T10:40:59+00:00","dateModified":"2024-12-30T10:41:00+00:00","mainEntityOfPage":{"@id":"https:\/\/www.sonnevillas.com\/blog\/10-curiosidades-sobre-menorca-que-probablemente-no-sabias\/"},"wordCount":799,"commentCount":0,"image":{"@id":"https:\/\/www.sonnevillas.com\/blog\/10-curiosidades-sobre-menorca-que-probablemente-no-sabias\/#primaryimage"},"thumbnailUrl":"https:\/\/www.sonnevillas.com\/blog\/wp-content\/uploads\/2022\/02\/es-grau-colom-illa-menorca-sonne-sonnevillas.jpeg","keywords":["cami de cavalls","curiosidades","Menorca","sonnevillas"],"articleSection":["Sin categorizar"],"inLanguage":"es","potentialAction":[{"@type":"CommentAction","name":"Comment","target":["https:\/\/www.sonnevillas.com\/blog\/10-curiosidades-sobre-menorca-que-probablemente-no-sabias\/#respond"]}]},{"@type":"WebPage","@id":"https:\/\/www.sonnevillas.com\/blog\/10-curiosidades-sobre-menorca-que-probablemente-no-sabias\/","url":"https:\/\/www.sonnevillas.com\/blog\/10-curiosidades-sobre-menorca-que-probablemente-no-sabias\/","name":"10 Curiosidades sobre Menorca que Probablemente No Sab\u00edas - Blog","isPartOf":{"@id":"https:\/\/www.sonnevillas.com\/blog\/#website"},"primaryImageOfPage":{"@id":"https:\/\/www.sonnevillas.com\/blog\/10-curiosidades-sobre-menorca-que-probablemente-no-sabias\/#primaryimage"},"image":{"@id":"https:\/\/www.sonnevillas.com\/blog\/10-curiosidades-sobre-menorca-que-probablemente-no-sabias\/#primaryimage"},"thumbnailUrl":"https:\/\/www.sonnevillas.com\/blog\/wp-content\/uploads\/2022\/02\/es-grau-colom-illa-menorca-sonne-sonnevillas.jpeg","datePublished":"2024-12-30T10:40:59+00:00","dateModified":"2024-12-30T10:41:00+00:00","author":{"@id":"https:\/\/www.sonnevillas.com\/blog\/#\/schema\/person\/9ffed7521881a8e6f2446a03f1e3978a"},"breadcrumb":{"@id":"https:\/\/www.sonnevillas.com\/blog\/10-curiosidades-sobre-menorca-que-probablemente-no-sabias\/#breadcrumb"},"inLanguage":"es","potentialAction":[{"@type":"ReadAction","target":["https:\/\/www.sonnevillas.com\/blog\/10-curiosidades-sobre-menorca-que-probablemente-no-sabias\/"]}]},{"@type":"ImageObject","inLanguage":"es","@id":"https:\/\/www.sonnevillas.com\/blog\/10-curiosidades-sobre-menorca-que-probablemente-no-sabias\/#primaryimage","url":"https:\/\/www.sonnevillas.com\/blog\/wp-content\/uploads\/2022\/02\/es-grau-colom-illa-menorca-sonne-sonnevillas.jpeg","contentUrl":"https:\/\/www.sonnevillas.com\/blog\/wp-content\/uploads\/2022\/02\/es-grau-colom-illa-menorca-sonne-sonnevillas.jpeg","width":850,"height":567,"caption":"Menorca Es Grau clean port with llaut boats in Balearic Islands"},{"@type":"BreadcrumbList","@id":"https:\/\/www.sonnevillas.com\/blog\/10-curiosidades-sobre-menorca-que-probablemente-no-sabias\/#breadcrumb","itemListElement":[{"@type":"ListItem","position":1,"name":"Portada","item":"https:\/\/www.sonnevillas.com\/blog\/"},{"@type":"ListItem","position":2,"name":"10 Curiosidades sobre Menorca que Probablemente No Sab\u00edas"}]},{"@type":"WebSite","@id":"https:\/\/www.sonnevillas.com\/blog\/#website","url":"https:\/\/www.sonnevillas.com\/blog\/","name":"Blog","description":"SonneVillas","potentialAction":[{"@type":"SearchAction","target":{"@type":"EntryPoint","urlTemplate":"https:\/\/www.sonnevillas.com\/blog\/?s={search_term_string}"},"query-input":{"@type":"PropertyValueSpecification","valueRequired":true,"valueName":"search_term_string"}}],"inLanguage":"es"},{"@type":"Person","@id":"https:\/\/www.sonnevillas.com\/blog\/#\/schema\/person\/9ffed7521881a8e6f2446a03f1e3978a","name":"sonnevillas","image":{"@type":"ImageObject","inLanguage":"es","@id":"https:\/\/secure.gravatar.com\/avatar\/5b6e10531a703617cb3d4787bbea306c12ba0b63576de8d4a782ca99f9d6e622?s=96&d=mm&r=g","url":"https:\/\/secure.gravatar.com\/avatar\/5b6e10531a703617cb3d4787bbea306c12ba0b63576de8d4a782ca99f9d6e622?s=96&d=mm&r=g","contentUrl":"https:\/\/secure.gravatar.com\/avatar\/5b6e10531a703617cb3d4787bbea306c12ba0b63576de8d4a782ca99f9d6e622?s=96&d=mm&r=g","caption":"sonnevillas"},"url":"https:\/\/www.sonnevillas.com\/blog\/author\/sonnevillas\/"}]}},"_links":{"self":[{"href":"https:\/\/www.sonnevillas.com\/blog\/wp-json\/wp\/v2\/posts\/599","targetHints":{"allow":["GET"]}}],"collection":[{"href":"https:\/\/www.sonnevillas.com\/blog\/wp-json\/wp\/v2\/posts"}],"about":[{"href":"https:\/\/www.sonnevillas.com\/blog\/wp-json\/wp\/v2\/types\/post"}],"author":[{"embeddable":true,"href":"https:\/\/www.sonnevillas.com\/blog\/wp-json\/wp\/v2\/users\/2"}],"replies":[{"embeddable":true,"href":"https:\/\/www.sonnevillas.com\/blog\/wp-json\/wp\/v2\/comments?post=599"}],"version-history":[{"count":1,"href":"https:\/\/www.sonnevillas.com\/blog\/wp-json\/wp\/v2\/posts\/599\/revisions"}],"predecessor-version":[{"id":610,"href":"https:\/\/www.sonnevillas.com\/blog\/wp-json\/wp\/v2\/posts\/599\/revisions\/610"}],"wp:featuredmedia":[{"embeddable":true,"href":"https:\/\/www.sonnevillas.com\/blog\/wp-json\/wp\/v2\/media\/77"}],"wp:attachment":[{"href":"https:\/\/www.sonnevillas.com\/blog\/wp-json\/wp\/v2\/media?parent=599"}],"wp:term":[{"taxonomy":"category","embeddable":true,"href":"https:\/\/www.sonnevillas.com\/blog\/wp-json\/wp\/v2\/categories?post=599"},{"taxonomy":"post_tag","embeddable":true,"href":"https:\/\/www.sonnevillas.com\/blog\/wp-json\/wp\/v2\/tags?post=599"}],"curies":[{"name":"wp","href":"https:\/\/api.w.org\/{rel}","templated":true}]}}