{"id":69,"date":"2022-02-03T09:01:25","date_gmt":"2022-02-03T09:01:25","guid":{"rendered":"https:\/\/www.sonnevillas.com\/blog\/?p=69"},"modified":"2022-02-08T18:16:24","modified_gmt":"2022-02-08T18:16:24","slug":"playas-de-menorca","status":"publish","type":"post","link":"https:\/\/www.sonnevillas.com\/blog\/playas-de-menorca\/","title":{"rendered":"Playas de Menorca"},"content":{"rendered":"\n<p class=\"has-x-large-font-size\"><strong>En Sonne les presentamos una selecci\u00f3n de las playas m\u00e1s reconocidas de Menorca<\/strong><\/p>\n\n\n\n<figure class=\"wp-block-image size-full is-resized\"><img loading=\"lazy\" decoding=\"async\" src=\"https:\/\/www.sonnevillas.com\/blog\/wp-content\/uploads\/2021\/12\/MENORCA-BOAT-SONNE.png\" alt=\"playas Menorca\" class=\"wp-image-28\" width=\"652\" height=\"428\" srcset=\"https:\/\/www.sonnevillas.com\/blog\/wp-content\/uploads\/2021\/12\/MENORCA-BOAT-SONNE.png 869w, https:\/\/www.sonnevillas.com\/blog\/wp-content\/uploads\/2021\/12\/MENORCA-BOAT-SONNE-300x197.png 300w, https:\/\/www.sonnevillas.com\/blog\/wp-content\/uploads\/2021\/12\/MENORCA-BOAT-SONNE-768x504.png 768w\" sizes=\"auto, (max-width: 652px) 100vw, 652px\" \/><\/figure>\n\n\n\n<p class=\"has-large-font-size\"><strong>A pesar de que Menorca solo tiene 216 kil\u00f3metros de costa, cuenta con m\u00e1s de 80 playas.<\/strong> Algunas est\u00e1n urbanizadas y cuentan con servicios de playa, y otras est\u00e1n a\u00fan completamente v\u00edrgenes y en un entorno completamente natural.<\/p>\n\n\n\n<p class=\"has-large-font-size\"><strong>Las playas del sur suelen ser m\u00e1s extensas, llanas y su arena es blanca y fina.<\/strong> El fondo del mar suele ser arenoso y sus aguas turquesas. <strong>Mientras que en el norte las playas suelen ser m\u00e1s peque\u00f1as y en zonas m\u00e1s rocosas y abruptas.<\/strong> La arena suele ser m\u00e1s gruesa y de un color rojizo y los fondos son m\u00e1s rocosos.<\/p>\n\n\n\n<p class=\"has-large-font-size\">En algunas playas el acceso es muy f\u00e1cil y cuentan con parking, mientras que otras el acceso es m\u00e1s complicado y se tiene que ir andando. Esto hace que incluso en verano te puedas sentir solo en algunas playas, sobre todo a primera y \u00faltima hora del d\u00eda.<\/p>\n\n\n\n<p class=\"has-large-font-size\"><strong>Aqu\u00ed les presentamos algunas de las playas m\u00e1s famosas de Menorca:<\/strong><\/p>\n\n\n\n<p class=\"has-x-large-font-size\"><strong>Cala Galdana<\/strong><\/p>\n\n\n\n<figure class=\"wp-block-image size-full is-resized\"><img loading=\"lazy\" decoding=\"async\" src=\"https:\/\/www.sonnevillas.com\/blog\/wp-content\/uploads\/2022\/02\/cala-galdana-villas-menorca-sonne-sonnevillas.jpeg\" alt=\"\" class=\"wp-image-71\" width=\"638\" height=\"425\" srcset=\"https:\/\/www.sonnevillas.com\/blog\/wp-content\/uploads\/2022\/02\/cala-galdana-villas-menorca-sonne-sonnevillas.jpeg 850w, https:\/\/www.sonnevillas.com\/blog\/wp-content\/uploads\/2022\/02\/cala-galdana-villas-menorca-sonne-sonnevillas-360x240.jpeg 360w, https:\/\/www.sonnevillas.com\/blog\/wp-content\/uploads\/2022\/02\/cala-galdana-villas-menorca-sonne-sonnevillas-768x512.jpeg 768w\" sizes=\"auto, (max-width: 638px) 100vw, 638px\" \/><\/figure>\n\n\n\n<p class=\"has-large-font-size\"><strong>Es una de las playas tur\u00edsticas m\u00e1s emblem\u00e1ticas de Menorca.<\/strong> Destaca por su extensa forma de concha, por su arena blanca y por el azul turquesa del mar, todo ello resguardado por imponentes acantilados.<strong> La playa es ideal para los ni\u00f1os y dispone de servicio de vigilancia, alquiler de hamacas y embarcaciones a motor y otras ofertas de ocio.<\/strong><\/p>\n\n\n\n<p class=\"has-large-font-size\"><a href=\"http:\/\/www.sonnevillas.com\">Encuentra aqu\u00ed tu alojamiento en Cala Galdana <\/a><\/p>\n\n\n\n<p><\/p>\n\n\n\n<p class=\"has-x-large-font-size\"><strong>Santo Tom\u00e1s y Binigaus<\/strong><\/p>\n\n\n\n<figure class=\"wp-block-image size-full is-resized\"><img loading=\"lazy\" decoding=\"async\" src=\"https:\/\/www.sonnevillas.com\/blog\/wp-content\/uploads\/2022\/02\/binigaus-menorca-playa-cala-villas-sonne.jpeg\" alt=\"\" class=\"wp-image-74\" width=\"638\" height=\"425\" srcset=\"https:\/\/www.sonnevillas.com\/blog\/wp-content\/uploads\/2022\/02\/binigaus-menorca-playa-cala-villas-sonne.jpeg 850w, https:\/\/www.sonnevillas.com\/blog\/wp-content\/uploads\/2022\/02\/binigaus-menorca-playa-cala-villas-sonne-360x240.jpeg 360w, https:\/\/www.sonnevillas.com\/blog\/wp-content\/uploads\/2022\/02\/binigaus-menorca-playa-cala-villas-sonne-768x512.jpeg 768w\" sizes=\"auto, (max-width: 638px) 100vw, 638px\" \/><\/figure>\n\n\n\n<p class=\"has-large-font-size\">En el sur del litoral menorqu\u00edn, <strong>en la poblaci\u00f3n de Es Migjorn Gran encontramos estas dos playas de arena blanca y aguas cristalinas.<\/strong> Sant Tom\u00e1s es la playa que encontramos justo llegar a la urbanizaci\u00f3n, con servicios y m\u00e1s tur\u00edstica. Binigaus es una playa virgen que encontramos al andar unos 15 minutos por el sendero que queda a la derecha del chiringuito \u201cEs Brucs\u201d. Este rinc\u00f3n \u00fanico te cautivar\u00e1.<\/p>\n\n\n\n<p><\/p>\n\n\n\n<p class=\"has-x-large-font-size\"><strong>Es Grau y la Isla den Colom<\/strong><\/p>\n\n\n\n<figure class=\"wp-block-image size-full is-resized\"><img loading=\"lazy\" decoding=\"async\" src=\"https:\/\/www.sonnevillas.com\/blog\/wp-content\/uploads\/2022\/02\/es-grau-colom-illa-menorca-sonne-sonnevillas.jpeg\" alt=\"\" class=\"wp-image-77\" width=\"638\" height=\"425\" srcset=\"https:\/\/www.sonnevillas.com\/blog\/wp-content\/uploads\/2022\/02\/es-grau-colom-illa-menorca-sonne-sonnevillas.jpeg 850w, https:\/\/www.sonnevillas.com\/blog\/wp-content\/uploads\/2022\/02\/es-grau-colom-illa-menorca-sonne-sonnevillas-360x240.jpeg 360w, https:\/\/www.sonnevillas.com\/blog\/wp-content\/uploads\/2022\/02\/es-grau-colom-illa-menorca-sonne-sonnevillas-768x512.jpeg 768w\" sizes=\"auto, (max-width: 638px) 100vw, 638px\" \/><\/figure>\n\n\n\n<p class=\"has-large-font-size\">En un entorno natural como s&#8217;Albufera des Grau se encuentra esta playa, ideal para los ni\u00f1os que no saben o empiezan a nadar. En frente, <strong>se puede visitar la Isla d\u2019en Colom y disfrutar de sus calas. <\/strong><br>Una buena opci\u00f3n es alquilar un kayak en es Grau y visitar la isla d&#8217;en Colom y su entorno. <\/p>\n\n\n\n<p><\/p>\n\n\n\n<p class=\"has-x-large-font-size\"><strong>Cavalleria<\/strong><\/p>\n\n\n\n<figure class=\"wp-block-image size-full is-resized\"><img loading=\"lazy\" decoding=\"async\" src=\"https:\/\/www.sonnevillas.com\/blog\/wp-content\/uploads\/2022\/02\/cavalleria-menroca-playa-sol-menorca-sonne.jpeg\" alt=\"\" class=\"wp-image-80\" width=\"638\" height=\"425\" srcset=\"https:\/\/www.sonnevillas.com\/blog\/wp-content\/uploads\/2022\/02\/cavalleria-menroca-playa-sol-menorca-sonne.jpeg 850w, https:\/\/www.sonnevillas.com\/blog\/wp-content\/uploads\/2022\/02\/cavalleria-menroca-playa-sol-menorca-sonne-360x240.jpeg 360w, https:\/\/www.sonnevillas.com\/blog\/wp-content\/uploads\/2022\/02\/cavalleria-menroca-playa-sol-menorca-sonne-768x512.jpeg 768w\" sizes=\"auto, (max-width: 638px) 100vw, 638px\" \/><\/figure>\n\n\n\n<p class=\"has-large-font-size\">Popular playa virgen en el norte de Menorca, de f\u00e1cil acceso con coche. Se encuentra muy cerca del puerto natural de Sa Nitja y del Faro de Cavalleria. <strong>Para muchos una visita obligada. Un gran sitio para ver la puesta de sol. <\/strong><\/p>\n\n\n\n<p><\/p>\n\n\n\n<p class=\"has-x-large-font-size\"><strong>Son Bou<\/strong><\/p>\n\n\n\n<figure class=\"wp-block-image size-full is-resized\"><img loading=\"lazy\" decoding=\"async\" src=\"https:\/\/www.sonnevillas.com\/blog\/wp-content\/uploads\/2022\/02\/son-bou-sonne-menorca-villas.jpeg\" alt=\"\" class=\"wp-image-83\" width=\"638\" height=\"425\" srcset=\"https:\/\/www.sonnevillas.com\/blog\/wp-content\/uploads\/2022\/02\/son-bou-sonne-menorca-villas.jpeg 850w, https:\/\/www.sonnevillas.com\/blog\/wp-content\/uploads\/2022\/02\/son-bou-sonne-menorca-villas-360x240.jpeg 360w, https:\/\/www.sonnevillas.com\/blog\/wp-content\/uploads\/2022\/02\/son-bou-sonne-menorca-villas-768x512.jpeg 768w\" sizes=\"auto, (max-width: 638px) 100vw, 638px\" \/><\/figure>\n\n\n\n<p class=\"has-large-font-size\"><strong>Extensa playa de arena blanca y fina<\/strong> que se encuentra en la urbanizaci\u00f3n de Son Bou, en el sur de Menorca. Esta playa kilom\u00e9trica ofrece una gran variedad de servicios en su parte m\u00e1s tur\u00edstica. Andando hacia su parte oeste se llega a Atalis. <\/p>\n\n\n\n<p><\/p>\n\n\n\n<p class=\"has-x-large-font-size\"><strong>Cala Mitjana<\/strong><\/p>\n\n\n\n<figure class=\"wp-block-image size-full is-resized\"><img loading=\"lazy\" decoding=\"async\" src=\"https:\/\/www.sonnevillas.com\/blog\/wp-content\/uploads\/2022\/02\/Cala-Mitjana-sonne-menorca-villas-playa.jpeg\" alt=\"\" class=\"wp-image-89\" width=\"638\" height=\"425\" srcset=\"https:\/\/www.sonnevillas.com\/blog\/wp-content\/uploads\/2022\/02\/Cala-Mitjana-sonne-menorca-villas-playa.jpeg 850w, https:\/\/www.sonnevillas.com\/blog\/wp-content\/uploads\/2022\/02\/Cala-Mitjana-sonne-menorca-villas-playa-360x240.jpeg 360w, https:\/\/www.sonnevillas.com\/blog\/wp-content\/uploads\/2022\/02\/Cala-Mitjana-sonne-menorca-villas-playa-768x512.jpeg 768w\" sizes=\"auto, (max-width: 638px) 100vw, 638px\" \/><\/figure>\n\n\n\n<p class=\"has-large-font-size\">En la costa sur de la isla encontramos una de las playas v\u00edrgenes m\u00e1s conocidas de Menorca. <strong>Se accede f\u00e1cilmente desde Cala Galdana, desde su parking o andando por el Cam\u00ed de Cavalls. <\/strong>Junto con Cala Mitjaneta forman un escenario de ensue\u00f1o.<\/p>\n\n\n\n<p><\/p>\n\n\n\n<p class=\"has-x-large-font-size\"><strong>Pregonda<\/strong><\/p>\n\n\n\n<figure class=\"wp-block-image size-full is-resized\"><img loading=\"lazy\" decoding=\"async\" src=\"https:\/\/www.sonnevillas.com\/blog\/wp-content\/uploads\/2022\/02\/pregonda-sonne-menorca-villas-alquiler.jpeg\" alt=\"\" class=\"wp-image-92\" width=\"638\" height=\"425\" srcset=\"https:\/\/www.sonnevillas.com\/blog\/wp-content\/uploads\/2022\/02\/pregonda-sonne-menorca-villas-alquiler.jpeg 850w, https:\/\/www.sonnevillas.com\/blog\/wp-content\/uploads\/2022\/02\/pregonda-sonne-menorca-villas-alquiler-360x240.jpeg 360w, https:\/\/www.sonnevillas.com\/blog\/wp-content\/uploads\/2022\/02\/pregonda-sonne-menorca-villas-alquiler-768x512.jpeg 768w\" sizes=\"auto, (max-width: 638px) 100vw, 638px\" \/><\/figure>\n\n\n\n<p class=\"has-large-font-size\"><strong>Una de las mejores playas de Menorca para muchos.<\/strong> Este bello lugar se encuentra a unos 20 minutos andando desde la playa de Binimel\u00b7l\u00e0, en el norte de Menorca. La recompensa despu\u00e9s de la caminata est\u00e1 asegurada, un paisaje rocoso y abrupto, de grandes contrastes y con un agua muy cristalina os dar\u00e1 la bienvenida. Su pe\u00f1\u00f3n principal cuenta con una peque\u00f1a cala y una \u00abpiscina natural\u00bb.<\/p>\n\n\n\n<p><\/p>\n\n\n\n<p class=\"has-x-large-font-size\"><strong>Algaiarens y Es Bot<\/strong><\/p>\n\n\n\n<figure class=\"wp-block-image size-full is-resized\"><img loading=\"lazy\" decoding=\"async\" src=\"https:\/\/www.sonnevillas.com\/blog\/wp-content\/uploads\/2022\/02\/es-bot-menorca-sonne-villas-vall-algaiarens.jpeg\" alt=\"\" class=\"wp-image-95\" width=\"638\" height=\"425\" srcset=\"https:\/\/www.sonnevillas.com\/blog\/wp-content\/uploads\/2022\/02\/es-bot-menorca-sonne-villas-vall-algaiarens.jpeg 850w, https:\/\/www.sonnevillas.com\/blog\/wp-content\/uploads\/2022\/02\/es-bot-menorca-sonne-villas-vall-algaiarens-360x240.jpeg 360w, https:\/\/www.sonnevillas.com\/blog\/wp-content\/uploads\/2022\/02\/es-bot-menorca-sonne-villas-vall-algaiarens-768x512.jpeg 768w\" sizes=\"auto, (max-width: 638px) 100vw, 638px\" \/><\/figure>\n\n\n\n<p class=\"has-large-font-size\"><strong>La arena de las playas de Algaiarens o La Vall es blanca y fina.<\/strong> La Vall est\u00e1 dividida en dos zonas. La m\u00e1s cercana al parking se conoce como la Playa des Tancats, y la m\u00e1s lejana la Playa des Bot. Para llegar a la \u00faltima es necesario hacer una peque\u00f1a y placentera excursi\u00f3n a pie.<\/p>\n\n\n\n<p><\/p>\n\n\n\n<p class=\"has-x-large-font-size\"><strong>Macarella y Macarelleta<\/strong><\/p>\n\n\n\n<figure class=\"wp-block-image size-full is-resized\"><img loading=\"lazy\" decoding=\"async\" src=\"https:\/\/www.sonnevillas.com\/blog\/wp-content\/uploads\/2021\/12\/MENORCA-BOAT-SONNE-1.png\" alt=\"\" class=\"wp-image-31\" width=\"652\" height=\"428\" srcset=\"https:\/\/www.sonnevillas.com\/blog\/wp-content\/uploads\/2021\/12\/MENORCA-BOAT-SONNE-1.png 869w, https:\/\/www.sonnevillas.com\/blog\/wp-content\/uploads\/2021\/12\/MENORCA-BOAT-SONNE-1-300x197.png 300w, https:\/\/www.sonnevillas.com\/blog\/wp-content\/uploads\/2021\/12\/MENORCA-BOAT-SONNE-1-768x504.png 768w\" sizes=\"auto, (max-width: 652px) 100vw, 652px\" \/><\/figure>\n\n\n\n<p class=\"has-large-font-size\">Dos de las playas m\u00e1s de moda del sur de Menorca. Conocidas por el color azul turquesa de sus aguas y sus imponentes acantilados. <strong>Un lugar donde el agua es tan cristalina que parece que los barcos levitan.<\/strong><\/p>\n\n\n\n<p><\/p>\n\n\n\n<p><\/p>\n\n\n\n<p class=\"has-x-large-font-size\"><strong>Cala Tortuga<\/strong><\/p>\n\n\n\n<figure class=\"wp-block-image size-full is-resized\"><img loading=\"lazy\" decoding=\"async\" src=\"https:\/\/www.sonnevillas.com\/blog\/wp-content\/uploads\/2022\/02\/tortuga-menorca-platja-cala-menorca-sonne-villas.jpeg\" alt=\"\" class=\"wp-image-98\" width=\"638\" height=\"325\" srcset=\"https:\/\/www.sonnevillas.com\/blog\/wp-content\/uploads\/2022\/02\/tortuga-menorca-platja-cala-menorca-sonne-villas.jpeg 850w, https:\/\/www.sonnevillas.com\/blog\/wp-content\/uploads\/2022\/02\/tortuga-menorca-platja-cala-menorca-sonne-villas-768x391.jpeg 768w\" sizes=\"auto, (max-width: 638px) 100vw, 638px\" \/><\/figure>\n\n\n\n<p class=\"has-large-font-size\">Id\u00edlica playa virgen situada en el noreste de Menorca. Se encuentra a unos 25 minutos andando desde el parking del Faro de Favaritx. <strong>Cala Tortuga se sit\u00faa en un entorno protegido y completamente natural.<\/strong><br><\/p>\n\n\n\n<p class=\"has-x-large-font-size\"><strong>Cala Pilar<\/strong><\/p>\n\n\n\n<figure class=\"wp-block-image size-full is-resized\"><img loading=\"lazy\" decoding=\"async\" src=\"https:\/\/www.sonnevillas.com\/blog\/wp-content\/uploads\/2022\/02\/cala-pilar-sonne-menorca-sonne-villas-playa.jpeg\" alt=\"\" class=\"wp-image-101\" width=\"638\" height=\"425\" srcset=\"https:\/\/www.sonnevillas.com\/blog\/wp-content\/uploads\/2022\/02\/cala-pilar-sonne-menorca-sonne-villas-playa.jpeg 850w, https:\/\/www.sonnevillas.com\/blog\/wp-content\/uploads\/2022\/02\/cala-pilar-sonne-menorca-sonne-villas-playa-360x240.jpeg 360w, https:\/\/www.sonnevillas.com\/blog\/wp-content\/uploads\/2022\/02\/cala-pilar-sonne-menorca-sonne-villas-playa-768x512.jpeg 768w\" sizes=\"auto, (max-width: 638px) 100vw, 638px\" \/><\/figure>\n\n\n\n<p class=\"has-large-font-size\"><strong>Una muy buena opci\u00f3n para las personas que buscan tranquilidad y pura naturaleza en esta playa virgen del norte de Menorca.<\/strong> El contraste del color rojizo de los acantilados con en azul de mar te cautivar\u00e1.<\/p>\n\n\n\n<p><\/p>\n\n\n\n<p><\/p>\n\n\n\n<p><\/p>\n","protected":false},"excerpt":{"rendered":"<p>En Sonne les presentamos una selecci\u00f3n de las playas m\u00e1s reconocidas de Menorca A pesar de que Menorca solo tiene&#8230;<\/p>\n","protected":false},"author":2,"featured_media":80,"comment_status":"open","ping_status":"open","sticky":false,"template":"","format":"image","meta":{"footnotes":""},"categories":[5],"tags":[],"class_list":["post-69","post","type-post","status-publish","format-image","has-post-thumbnail","hentry","category-playas-y-calas","post_format-post-format-image"],"yoast_head":"<!-- This site is optimized with the Yoast SEO plugin v27.5 - https:\/\/yoast.com\/product\/yoast-seo-wordpress\/ -->\n<title>Playas de Menorca - Blog<\/title>\n<meta name=\"robots\" content=\"index, follow, max-snippet:-1, max-image-preview:large, max-video-preview:-1\" \/>\n<link rel=\"canonical\" href=\"https:\/\/www.sonnevillas.com\/blog\/playas-de-menorca\/\" \/>\n<meta property=\"og:locale\" content=\"es_ES\" \/>\n<meta property=\"og:type\" content=\"article\" \/>\n<meta property=\"og:title\" content=\"Playas de Menorca - Blog\" \/>\n<meta property=\"og:description\" content=\"En Sonne les presentamos una selecci\u00f3n de las playas m\u00e1s reconocidas de Menorca A pesar de que Menorca solo tiene...\" \/>\n<meta property=\"og:url\" content=\"https:\/\/www.sonnevillas.com\/blog\/playas-de-menorca\/\" \/>\n<meta property=\"og:site_name\" content=\"Blog\" \/>\n<meta property=\"article:published_time\" content=\"2022-02-03T09:01:25+00:00\" \/>\n<meta property=\"article:modified_time\" content=\"2022-02-08T18:16:24+00:00\" \/>\n<meta property=\"og:image\" content=\"https:\/\/www.sonnevillas.com\/blog\/wp-content\/uploads\/2022\/02\/cavalleria-menroca-playa-sol-menorca-sonne.jpeg\" \/>\n\t<meta property=\"og:image:width\" content=\"850\" \/>\n\t<meta property=\"og:image:height\" content=\"567\" \/>\n\t<meta property=\"og:image:type\" content=\"image\/jpeg\" \/>\n<meta name=\"author\" content=\"sonnevillas\" \/>\n<meta name=\"twitter:card\" content=\"summary_large_image\" \/>\n<meta name=\"twitter:label1\" content=\"Escrito por\" \/>\n\t<meta name=\"twitter:data1\" content=\"sonnevillas\" \/>\n\t<meta name=\"twitter:label2\" content=\"Tiempo de lectura\" \/>\n\t<meta name=\"twitter:data2\" content=\"6 minutos\" \/>\n<script type=\"application\/ld+json\" class=\"yoast-schema-graph\">{\"@context\":\"https:\\\/\\\/schema.org\",\"@graph\":[{\"@type\":\"Article\",\"@id\":\"https:\\\/\\\/www.sonnevillas.com\\\/blog\\\/playas-de-menorca\\\/#article\",\"isPartOf\":{\"@id\":\"https:\\\/\\\/www.sonnevillas.com\\\/blog\\\/playas-de-menorca\\\/\"},\"author\":{\"name\":\"sonnevillas\",\"@id\":\"https:\\\/\\\/www.sonnevillas.com\\\/blog\\\/#\\\/schema\\\/person\\\/9ffed7521881a8e6f2446a03f1e3978a\"},\"headline\":\"Playas de Menorca\",\"datePublished\":\"2022-02-03T09:01:25+00:00\",\"dateModified\":\"2022-02-08T18:16:24+00:00\",\"mainEntityOfPage\":{\"@id\":\"https:\\\/\\\/www.sonnevillas.com\\\/blog\\\/playas-de-menorca\\\/\"},\"wordCount\":806,\"commentCount\":0,\"image\":{\"@id\":\"https:\\\/\\\/www.sonnevillas.com\\\/blog\\\/playas-de-menorca\\\/#primaryimage\"},\"thumbnailUrl\":\"https:\\\/\\\/www.sonnevillas.com\\\/blog\\\/wp-content\\\/uploads\\\/2022\\\/02\\\/cavalleria-menroca-playa-sol-menorca-sonne.jpeg\",\"articleSection\":[\"Playas y calas\"],\"inLanguage\":\"es\",\"potentialAction\":[{\"@type\":\"CommentAction\",\"name\":\"Comment\",\"target\":[\"https:\\\/\\\/www.sonnevillas.com\\\/blog\\\/playas-de-menorca\\\/#respond\"]}]},{\"@type\":\"WebPage\",\"@id\":\"https:\\\/\\\/www.sonnevillas.com\\\/blog\\\/playas-de-menorca\\\/\",\"url\":\"https:\\\/\\\/www.sonnevillas.com\\\/blog\\\/playas-de-menorca\\\/\",\"name\":\"Playas de Menorca - Blog\",\"isPartOf\":{\"@id\":\"https:\\\/\\\/www.sonnevillas.com\\\/blog\\\/#website\"},\"primaryImageOfPage\":{\"@id\":\"https:\\\/\\\/www.sonnevillas.com\\\/blog\\\/playas-de-menorca\\\/#primaryimage\"},\"image\":{\"@id\":\"https:\\\/\\\/www.sonnevillas.com\\\/blog\\\/playas-de-menorca\\\/#primaryimage\"},\"thumbnailUrl\":\"https:\\\/\\\/www.sonnevillas.com\\\/blog\\\/wp-content\\\/uploads\\\/2022\\\/02\\\/cavalleria-menroca-playa-sol-menorca-sonne.jpeg\",\"datePublished\":\"2022-02-03T09:01:25+00:00\",\"dateModified\":\"2022-02-08T18:16:24+00:00\",\"author\":{\"@id\":\"https:\\\/\\\/www.sonnevillas.com\\\/blog\\\/#\\\/schema\\\/person\\\/9ffed7521881a8e6f2446a03f1e3978a\"},\"breadcrumb\":{\"@id\":\"https:\\\/\\\/www.sonnevillas.com\\\/blog\\\/playas-de-menorca\\\/#breadcrumb\"},\"inLanguage\":\"es\",\"potentialAction\":[{\"@type\":\"ReadAction\",\"target\":[\"https:\\\/\\\/www.sonnevillas.com\\\/blog\\\/playas-de-menorca\\\/\"]}]},{\"@type\":\"ImageObject\",\"inLanguage\":\"es\",\"@id\":\"https:\\\/\\\/www.sonnevillas.com\\\/blog\\\/playas-de-menorca\\\/#primaryimage\",\"url\":\"https:\\\/\\\/www.sonnevillas.com\\\/blog\\\/wp-content\\\/uploads\\\/2022\\\/02\\\/cavalleria-menroca-playa-sol-menorca-sonne.jpeg\",\"contentUrl\":\"https:\\\/\\\/www.sonnevillas.com\\\/blog\\\/wp-content\\\/uploads\\\/2022\\\/02\\\/cavalleria-menroca-playa-sol-menorca-sonne.jpeg\",\"width\":850,\"height\":567,\"caption\":\"Cavalleria beach in Minorca, Balearic Islands, Spain.\"},{\"@type\":\"BreadcrumbList\",\"@id\":\"https:\\\/\\\/www.sonnevillas.com\\\/blog\\\/playas-de-menorca\\\/#breadcrumb\",\"itemListElement\":[{\"@type\":\"ListItem\",\"position\":1,\"name\":\"Portada\",\"item\":\"https:\\\/\\\/www.sonnevillas.com\\\/blog\\\/\"},{\"@type\":\"ListItem\",\"position\":2,\"name\":\"Playas de Menorca\"}]},{\"@type\":\"WebSite\",\"@id\":\"https:\\\/\\\/www.sonnevillas.com\\\/blog\\\/#website\",\"url\":\"https:\\\/\\\/www.sonnevillas.com\\\/blog\\\/\",\"name\":\"Blog\",\"description\":\"SonneVillas\",\"potentialAction\":[{\"@type\":\"SearchAction\",\"target\":{\"@type\":\"EntryPoint\",\"urlTemplate\":\"https:\\\/\\\/www.sonnevillas.com\\\/blog\\\/?s={search_term_string}\"},\"query-input\":{\"@type\":\"PropertyValueSpecification\",\"valueRequired\":true,\"valueName\":\"search_term_string\"}}],\"inLanguage\":\"es\"},{\"@type\":\"Person\",\"@id\":\"https:\\\/\\\/www.sonnevillas.com\\\/blog\\\/#\\\/schema\\\/person\\\/9ffed7521881a8e6f2446a03f1e3978a\",\"name\":\"sonnevillas\",\"image\":{\"@type\":\"ImageObject\",\"inLanguage\":\"es\",\"@id\":\"https:\\\/\\\/secure.gravatar.com\\\/avatar\\\/5b6e10531a703617cb3d4787bbea306c12ba0b63576de8d4a782ca99f9d6e622?s=96&d=mm&r=g\",\"url\":\"https:\\\/\\\/secure.gravatar.com\\\/avatar\\\/5b6e10531a703617cb3d4787bbea306c12ba0b63576de8d4a782ca99f9d6e622?s=96&d=mm&r=g\",\"contentUrl\":\"https:\\\/\\\/secure.gravatar.com\\\/avatar\\\/5b6e10531a703617cb3d4787bbea306c12ba0b63576de8d4a782ca99f9d6e622?s=96&d=mm&r=g\",\"caption\":\"sonnevillas\"},\"url\":\"https:\\\/\\\/www.sonnevillas.com\\\/blog\\\/author\\\/sonnevillas\\\/\"}]}<\/script>\n<!-- \/ Yoast SEO plugin. -->","yoast_head_json":{"title":"Playas de Menorca - Blog","robots":{"index":"index","follow":"follow","max-snippet":"max-snippet:-1","max-image-preview":"max-image-preview:large","max-video-preview":"max-video-preview:-1"},"canonical":"https:\/\/www.sonnevillas.com\/blog\/playas-de-menorca\/","og_locale":"es_ES","og_type":"article","og_title":"Playas de Menorca - Blog","og_description":"En Sonne les presentamos una selecci\u00f3n de las playas m\u00e1s reconocidas de Menorca A pesar de que Menorca solo tiene...","og_url":"https:\/\/www.sonnevillas.com\/blog\/playas-de-menorca\/","og_site_name":"Blog","article_published_time":"2022-02-03T09:01:25+00:00","article_modified_time":"2022-02-08T18:16:24+00:00","og_image":[{"width":850,"height":567,"url":"https:\/\/www.sonnevillas.com\/blog\/wp-content\/uploads\/2022\/02\/cavalleria-menroca-playa-sol-menorca-sonne.jpeg","type":"image\/jpeg"}],"author":"sonnevillas","twitter_card":"summary_large_image","twitter_misc":{"Escrito por":"sonnevillas","Tiempo de lectura":"6 minutos"},"schema":{"@context":"https:\/\/schema.org","@graph":[{"@type":"Article","@id":"https:\/\/www.sonnevillas.com\/blog\/playas-de-menorca\/#article","isPartOf":{"@id":"https:\/\/www.sonnevillas.com\/blog\/playas-de-menorca\/"},"author":{"name":"sonnevillas","@id":"https:\/\/www.sonnevillas.com\/blog\/#\/schema\/person\/9ffed7521881a8e6f2446a03f1e3978a"},"headline":"Playas de Menorca","datePublished":"2022-02-03T09:01:25+00:00","dateModified":"2022-02-08T18:16:24+00:00","mainEntityOfPage":{"@id":"https:\/\/www.sonnevillas.com\/blog\/playas-de-menorca\/"},"wordCount":806,"commentCount":0,"image":{"@id":"https:\/\/www.sonnevillas.com\/blog\/playas-de-menorca\/#primaryimage"},"thumbnailUrl":"https:\/\/www.sonnevillas.com\/blog\/wp-content\/uploads\/2022\/02\/cavalleria-menroca-playa-sol-menorca-sonne.jpeg","articleSection":["Playas y calas"],"inLanguage":"es","potentialAction":[{"@type":"CommentAction","name":"Comment","target":["https:\/\/www.sonnevillas.com\/blog\/playas-de-menorca\/#respond"]}]},{"@type":"WebPage","@id":"https:\/\/www.sonnevillas.com\/blog\/playas-de-menorca\/","url":"https:\/\/www.sonnevillas.com\/blog\/playas-de-menorca\/","name":"Playas de Menorca - Blog","isPartOf":{"@id":"https:\/\/www.sonnevillas.com\/blog\/#website"},"primaryImageOfPage":{"@id":"https:\/\/www.sonnevillas.com\/blog\/playas-de-menorca\/#primaryimage"},"image":{"@id":"https:\/\/www.sonnevillas.com\/blog\/playas-de-menorca\/#primaryimage"},"thumbnailUrl":"https:\/\/www.sonnevillas.com\/blog\/wp-content\/uploads\/2022\/02\/cavalleria-menroca-playa-sol-menorca-sonne.jpeg","datePublished":"2022-02-03T09:01:25+00:00","dateModified":"2022-02-08T18:16:24+00:00","author":{"@id":"https:\/\/www.sonnevillas.com\/blog\/#\/schema\/person\/9ffed7521881a8e6f2446a03f1e3978a"},"breadcrumb":{"@id":"https:\/\/www.sonnevillas.com\/blog\/playas-de-menorca\/#breadcrumb"},"inLanguage":"es","potentialAction":[{"@type":"ReadAction","target":["https:\/\/www.sonnevillas.com\/blog\/playas-de-menorca\/"]}]},{"@type":"ImageObject","inLanguage":"es","@id":"https:\/\/www.sonnevillas.com\/blog\/playas-de-menorca\/#primaryimage","url":"https:\/\/www.sonnevillas.com\/blog\/wp-content\/uploads\/2022\/02\/cavalleria-menroca-playa-sol-menorca-sonne.jpeg","contentUrl":"https:\/\/www.sonnevillas.com\/blog\/wp-content\/uploads\/2022\/02\/cavalleria-menroca-playa-sol-menorca-sonne.jpeg","width":850,"height":567,"caption":"Cavalleria beach in Minorca, Balearic Islands, Spain."},{"@type":"BreadcrumbList","@id":"https:\/\/www.sonnevillas.com\/blog\/playas-de-menorca\/#breadcrumb","itemListElement":[{"@type":"ListItem","position":1,"name":"Portada","item":"https:\/\/www.sonnevillas.com\/blog\/"},{"@type":"ListItem","position":2,"name":"Playas de Menorca"}]},{"@type":"WebSite","@id":"https:\/\/www.sonnevillas.com\/blog\/#website","url":"https:\/\/www.sonnevillas.com\/blog\/","name":"Blog","description":"SonneVillas","potentialAction":[{"@type":"SearchAction","target":{"@type":"EntryPoint","urlTemplate":"https:\/\/www.sonnevillas.com\/blog\/?s={search_term_string}"},"query-input":{"@type":"PropertyValueSpecification","valueRequired":true,"valueName":"search_term_string"}}],"inLanguage":"es"},{"@type":"Person","@id":"https:\/\/www.sonnevillas.com\/blog\/#\/schema\/person\/9ffed7521881a8e6f2446a03f1e3978a","name":"sonnevillas","image":{"@type":"ImageObject","inLanguage":"es","@id":"https:\/\/secure.gravatar.com\/avatar\/5b6e10531a703617cb3d4787bbea306c12ba0b63576de8d4a782ca99f9d6e622?s=96&d=mm&r=g","url":"https:\/\/secure.gravatar.com\/avatar\/5b6e10531a703617cb3d4787bbea306c12ba0b63576de8d4a782ca99f9d6e622?s=96&d=mm&r=g","contentUrl":"https:\/\/secure.gravatar.com\/avatar\/5b6e10531a703617cb3d4787bbea306c12ba0b63576de8d4a782ca99f9d6e622?s=96&d=mm&r=g","caption":"sonnevillas"},"url":"https:\/\/www.sonnevillas.com\/blog\/author\/sonnevillas\/"}]}},"_links":{"self":[{"href":"https:\/\/www.sonnevillas.com\/blog\/wp-json\/wp\/v2\/posts\/69","targetHints":{"allow":["GET"]}}],"collection":[{"href":"https:\/\/www.sonnevillas.com\/blog\/wp-json\/wp\/v2\/posts"}],"about":[{"href":"https:\/\/www.sonnevillas.com\/blog\/wp-json\/wp\/v2\/types\/post"}],"author":[{"embeddable":true,"href":"https:\/\/www.sonnevillas.com\/blog\/wp-json\/wp\/v2\/users\/2"}],"replies":[{"embeddable":true,"href":"https:\/\/www.sonnevillas.com\/blog\/wp-json\/wp\/v2\/comments?post=69"}],"version-history":[{"count":6,"href":"https:\/\/www.sonnevillas.com\/blog\/wp-json\/wp\/v2\/posts\/69\/revisions"}],"predecessor-version":[{"id":152,"href":"https:\/\/www.sonnevillas.com\/blog\/wp-json\/wp\/v2\/posts\/69\/revisions\/152"}],"wp:featuredmedia":[{"embeddable":true,"href":"https:\/\/www.sonnevillas.com\/blog\/wp-json\/wp\/v2\/media\/80"}],"wp:attachment":[{"href":"https:\/\/www.sonnevillas.com\/blog\/wp-json\/wp\/v2\/media?parent=69"}],"wp:term":[{"taxonomy":"category","embeddable":true,"href":"https:\/\/www.sonnevillas.com\/blog\/wp-json\/wp\/v2\/categories?post=69"},{"taxonomy":"post_tag","embeddable":true,"href":"https:\/\/www.sonnevillas.com\/blog\/wp-json\/wp\/v2\/tags?post=69"}],"curies":[{"name":"wp","href":"https:\/\/api.w.org\/{rel}","templated":true}]}}