{"id":692,"date":"2026-04-27T15:49:08","date_gmt":"2026-04-27T15:49:08","guid":{"rendered":"https:\/\/www.sonnevillas.com\/blog\/?p=692"},"modified":"2026-04-27T15:49:09","modified_gmt":"2026-04-27T15:49:09","slug":"menorca-en-mayo-la-guia-completa-tiempo-playas-y-consejos","status":"publish","type":"post","link":"https:\/\/www.sonnevillas.com\/blog\/menorca-en-mayo-la-guia-completa-tiempo-playas-y-consejos\/","title":{"rendered":"Menorca en mayo: la gu\u00eda completa (tiempo, playas y consejos)"},"content":{"rendered":"\n<h1 class=\"wp-block-heading\"><\/h1>\n\n\n\n<p>Hay destinos que tienen su momento\u2026 y en el caso de Menorca, mayo es uno de los mejores. La isla empieza a llenarse de vida, pero todav\u00eda conserva esa calma que en verano desaparece. Es el equilibrio perfecto entre buen tiempo, tranquilidad y precios m\u00e1s asequibles.<\/p>\n\n\n\n<h2 class=\"wp-block-heading\">\u2600\ufe0f El tiempo en Menorca en mayo<\/h2>\n\n\n\n<p>Una de las b\u00fasquedas m\u00e1s habituales es: <em>qu\u00e9 tiempo hace en Menorca en mayo<\/em>. Y la realidad es que acompa\u00f1a bastante.<\/p>\n\n\n\n<p>Las temperaturas suelen situarse entre los <strong>20 \u00b0C y 25 \u00b0C durante el d\u00eda<\/strong>, con muchas horas de sol y d\u00edas largos. Puede haber algo de viento o alg\u00fan d\u00eda m\u00e1s variable, pero eso tambi\u00e9n hace que la isla est\u00e9 m\u00e1s verde y bonita que en pleno verano.<\/p>\n\n\n\n<p>\u00bfEl mar? Empieza a animarse. No est\u00e1 tan c\u00e1lido como en agosto, pero en d\u00edas soleados ya apetece ba\u00f1arse.<\/p>\n\n\n\n<h2 class=\"wp-block-heading\">\ud83c\udfdd\ufe0f Playas m\u00e1s tranquilas y accesibles<\/h2>\n\n\n\n<p>Uno de los grandes atractivos de viajar en mayo es poder disfrutar de las calas sin aglomeraciones.<\/p>\n\n\n\n<p>Playas como Cala Mitjana, Macarella, Turqueta o Cala Galdana se ven espectaculares y, lo mejor, <strong>sin el estr\u00e9s de verano<\/strong>. Es f\u00e1cil aparcar, los accesos son m\u00e1s c\u00f3modos y puedes elegir sitio sin prisas.<\/p>\n\n\n\n<p>Una experiencia mucho m\u00e1s relajada y cercana a la esencia de Menorca.<\/p>\n\n\n\n<figure class=\"wp-block-image size-full\"><img loading=\"lazy\" decoding=\"async\" width=\"850\" height=\"567\" src=\"https:\/\/www.sonnevillas.com\/blog\/wp-content\/uploads\/2024\/04\/es-bot-menorca-sonne-villas-vall-algaiarens.jpeg\" alt=\"\" class=\"wp-image-380\" srcset=\"https:\/\/www.sonnevillas.com\/blog\/wp-content\/uploads\/2024\/04\/es-bot-menorca-sonne-villas-vall-algaiarens.jpeg 850w, https:\/\/www.sonnevillas.com\/blog\/wp-content\/uploads\/2024\/04\/es-bot-menorca-sonne-villas-vall-algaiarens-360x240.jpeg 360w, https:\/\/www.sonnevillas.com\/blog\/wp-content\/uploads\/2024\/04\/es-bot-menorca-sonne-villas-vall-algaiarens-768x512.jpeg 768w\" sizes=\"auto, (max-width: 850px) 100vw, 850px\" \/><\/figure>\n\n\n\n<h2 class=\"wp-block-heading\">\ud83c\udf7d\ufe0f Restaurantes y planes sin agobios<\/h2>\n\n\n\n<p>En mayo todo se disfruta de otra manera. Puedes salir a cenar sin reservas imposibles, encontrar mesa con facilidad y pasear sin la sensaci\u00f3n de estar en plena temporada alta.<\/p>\n\n\n\n<p>Es el momento ideal para descubrir la gastronom\u00eda local con calma y disfrutar de cada plan sin prisas.<\/p>\n\n\n\n<figure class=\"wp-block-image size-large\"><img loading=\"lazy\" decoding=\"async\" width=\"1500\" height=\"630\" src=\"https:\/\/www.sonnevillas.com\/blog\/wp-content\/uploads\/2023\/01\/Caldereta-de-llagosta-menorca-sonne-1500x630.jpg\" alt=\"\" class=\"wp-image-181\"\/><\/figure>\n\n\n\n<h2 class=\"wp-block-heading\">\ud83d\udcb8 Mejores precios para viajar<\/h2>\n\n\n\n<p>Otro punto clave: el ahorro.<\/p>\n\n\n\n<p>Viajar a Menorca en mayo suele significar:<\/p>\n\n\n\n<ul class=\"wp-block-list\">\n<li>Vuelos m\u00e1s econ\u00f3micos<\/li>\n\n\n\n<li>Alquiler de coche m\u00e1s asequible<\/li>\n\n\n\n<li>M\u00e1s opciones de alojamiento y mejores precios<\/li>\n<\/ul>\n\n\n\n<p>Esto no solo permite gastar menos, sino tambi\u00e9n elegir mejor.<\/p>\n\n\n\n<h2 class=\"wp-block-heading\">\ud83d\ude97 Moverse por Menorca con facilidad<\/h2>\n\n\n\n<p>Sin tr\u00e1fico ni saturaci\u00f3n, recorrer la isla es mucho m\u00e1s c\u00f3modo. Puedes visitar varias calas en un mismo d\u00eda, explorar pueblos o improvisar planes sin preocuparte por atascos o parkings llenos.<\/p>\n\n\n\n<h2 class=\"wp-block-heading\">\ud83c\udf3f Una isla m\u00e1s bonita<\/h2>\n\n\n\n<p>Mayo tiene un encanto especial. La vegetaci\u00f3n est\u00e1 en su mejor momento, los paisajes se ven m\u00e1s vivos y el clima es perfecto no solo para playa, sino tambi\u00e9n para caminar y descubrir rincones menos conocidos.<\/p>\n\n\n\n<h2 class=\"wp-block-heading\">\ud83e\udd0d \u00bfHay alguna desventaja?<\/h2>\n\n\n\n<p>Si hay que ser honestos, mayo no es agosto\u2026 y eso tambi\u00e9n aplica al tiempo. Aunque suele hacer muy buen clima, puede tocar alg\u00fan d\u00eda m\u00e1s inestable o incluso una semana algo m\u00e1s revuelta.<\/p>\n\n\n\n<p>Al final, ya sabes lo que se dice: <em>\u201chasta el 40 de mayo no te quites el sayo\u201d<\/em>. Alguna nube, algo de viento o un d\u00eda de lluvia pueden aparecer.<\/p>\n\n\n\n<p>Pero incluso ah\u00ed est\u00e1 parte del encanto. Menorca en mayo no es solo sol y playa: tambi\u00e9n es pasear, descubrir, comer bien y disfrutar sin prisas. Y si el sol acompa\u00f1a \u2014que muchas veces lo hace\u2014, entonces s\u00ed que tienes el combo perfecto.<\/p>\n\n\n\n<h2 class=\"wp-block-heading\">\ud83c\udfe1 D\u00f3nde alojarse en Menorca en mayo<\/h2>\n\n\n\n<p>Elegir bien el alojamiento marca la diferencia, y en mayo tienes m\u00e1s opciones para hacerlo sin prisas.<\/p>\n\n\n\n<p>Zonas como Cala Galdana son perfectas por su ubicaci\u00f3n y acceso a algunas de las mejores calas. Y si buscas comodidad, privacidad y una experiencia m\u00e1s cuidada, es un momento ideal para encontrar disponibilidad.<\/p>\n\n\n\n<p>Si est\u00e1s organizando tu viaje, puedes descubrir nuestras villas en <a href=\"http:\/\/www.sonnevillas.com\">Sonne Villas<\/a> y elegir la que mejor encaje contigo para disfrutar Menorca como se merece.<\/p>\n\n\n\n<h2 class=\"wp-block-heading\">\u2728 En resumen<\/h2>\n\n\n\n<p>Menorca en mayo es tranquilidad, buen clima y una forma mucho m\u00e1s aut\u00e9ntica de vivir la isla. Un mes perfecto para adelantarse al verano y disfrutarla sin aglomeraciones, con mejores precios y con todo a favor.<\/p>\n","protected":false},"excerpt":{"rendered":"<p>Hay destinos que tienen su momento\u2026 y en el caso de Menorca, mayo es uno de los mejores. La isla&#8230;<\/p>\n","protected":false},"author":2,"featured_media":600,"comment_status":"open","ping_status":"open","sticky":false,"template":"","format":"standard","meta":{"footnotes":""},"categories":[1],"tags":[],"class_list":["post-692","post","type-post","status-publish","format-standard","has-post-thumbnail","hentry","category-sin-categorizar"],"yoast_head":"<!-- This site is optimized with the Yoast SEO plugin v27.5 - https:\/\/yoast.com\/product\/yoast-seo-wordpress\/ -->\n<title>Menorca en mayo: la gu\u00eda completa (tiempo, playas y consejos) - Blog<\/title>\n<meta name=\"robots\" content=\"index, follow, max-snippet:-1, max-image-preview:large, max-video-preview:-1\" \/>\n<link rel=\"canonical\" href=\"https:\/\/www.sonnevillas.com\/blog\/menorca-en-mayo-la-guia-completa-tiempo-playas-y-consejos\/\" \/>\n<meta property=\"og:locale\" content=\"es_ES\" \/>\n<meta property=\"og:type\" content=\"article\" \/>\n<meta property=\"og:title\" content=\"Menorca en mayo: la gu\u00eda completa (tiempo, playas y consejos) - Blog\" \/>\n<meta property=\"og:description\" content=\"Hay destinos que tienen su momento\u2026 y en el caso de Menorca, mayo es uno de los mejores. La isla...\" \/>\n<meta property=\"og:url\" content=\"https:\/\/www.sonnevillas.com\/blog\/menorca-en-mayo-la-guia-completa-tiempo-playas-y-consejos\/\" \/>\n<meta property=\"og:site_name\" content=\"Blog\" \/>\n<meta property=\"article:published_time\" content=\"2026-04-27T15:49:08+00:00\" \/>\n<meta property=\"article:modified_time\" content=\"2026-04-27T15:49:09+00:00\" \/>\n<meta property=\"og:image\" content=\"https:\/\/www.sonnevillas.com\/blog\/wp-content\/uploads\/2024\/12\/bay-5632262_1920.jpg\" \/>\n\t<meta property=\"og:image:width\" content=\"1920\" \/>\n\t<meta property=\"og:image:height\" content=\"1439\" \/>\n\t<meta property=\"og:image:type\" content=\"image\/jpeg\" \/>\n<meta name=\"author\" content=\"sonnevillas\" \/>\n<meta name=\"twitter:card\" content=\"summary_large_image\" \/>\n<meta name=\"twitter:label1\" content=\"Escrito por\" \/>\n\t<meta name=\"twitter:data1\" content=\"sonnevillas\" \/>\n\t<meta name=\"twitter:label2\" content=\"Tiempo de lectura\" \/>\n\t<meta name=\"twitter:data2\" content=\"4 minutos\" \/>\n<script type=\"application\/ld+json\" class=\"yoast-schema-graph\">{\"@context\":\"https:\\\/\\\/schema.org\",\"@graph\":[{\"@type\":\"Article\",\"@id\":\"https:\\\/\\\/www.sonnevillas.com\\\/blog\\\/menorca-en-mayo-la-guia-completa-tiempo-playas-y-consejos\\\/#article\",\"isPartOf\":{\"@id\":\"https:\\\/\\\/www.sonnevillas.com\\\/blog\\\/menorca-en-mayo-la-guia-completa-tiempo-playas-y-consejos\\\/\"},\"author\":{\"name\":\"sonnevillas\",\"@id\":\"https:\\\/\\\/www.sonnevillas.com\\\/blog\\\/#\\\/schema\\\/person\\\/9ffed7521881a8e6f2446a03f1e3978a\"},\"headline\":\"Menorca en mayo: la gu\u00eda completa (tiempo, playas y consejos)\",\"datePublished\":\"2026-04-27T15:49:08+00:00\",\"dateModified\":\"2026-04-27T15:49:09+00:00\",\"mainEntityOfPage\":{\"@id\":\"https:\\\/\\\/www.sonnevillas.com\\\/blog\\\/menorca-en-mayo-la-guia-completa-tiempo-playas-y-consejos\\\/\"},\"wordCount\":668,\"commentCount\":0,\"image\":{\"@id\":\"https:\\\/\\\/www.sonnevillas.com\\\/blog\\\/menorca-en-mayo-la-guia-completa-tiempo-playas-y-consejos\\\/#primaryimage\"},\"thumbnailUrl\":\"https:\\\/\\\/www.sonnevillas.com\\\/blog\\\/wp-content\\\/uploads\\\/2024\\\/12\\\/bay-5632262_1920.jpg\",\"articleSection\":[\"Sin categorizar\"],\"inLanguage\":\"es\",\"potentialAction\":[{\"@type\":\"CommentAction\",\"name\":\"Comment\",\"target\":[\"https:\\\/\\\/www.sonnevillas.com\\\/blog\\\/menorca-en-mayo-la-guia-completa-tiempo-playas-y-consejos\\\/#respond\"]}]},{\"@type\":\"WebPage\",\"@id\":\"https:\\\/\\\/www.sonnevillas.com\\\/blog\\\/menorca-en-mayo-la-guia-completa-tiempo-playas-y-consejos\\\/\",\"url\":\"https:\\\/\\\/www.sonnevillas.com\\\/blog\\\/menorca-en-mayo-la-guia-completa-tiempo-playas-y-consejos\\\/\",\"name\":\"Menorca en mayo: la gu\u00eda completa (tiempo, playas y consejos) - Blog\",\"isPartOf\":{\"@id\":\"https:\\\/\\\/www.sonnevillas.com\\\/blog\\\/#website\"},\"primaryImageOfPage\":{\"@id\":\"https:\\\/\\\/www.sonnevillas.com\\\/blog\\\/menorca-en-mayo-la-guia-completa-tiempo-playas-y-consejos\\\/#primaryimage\"},\"image\":{\"@id\":\"https:\\\/\\\/www.sonnevillas.com\\\/blog\\\/menorca-en-mayo-la-guia-completa-tiempo-playas-y-consejos\\\/#primaryimage\"},\"thumbnailUrl\":\"https:\\\/\\\/www.sonnevillas.com\\\/blog\\\/wp-content\\\/uploads\\\/2024\\\/12\\\/bay-5632262_1920.jpg\",\"datePublished\":\"2026-04-27T15:49:08+00:00\",\"dateModified\":\"2026-04-27T15:49:09+00:00\",\"author\":{\"@id\":\"https:\\\/\\\/www.sonnevillas.com\\\/blog\\\/#\\\/schema\\\/person\\\/9ffed7521881a8e6f2446a03f1e3978a\"},\"breadcrumb\":{\"@id\":\"https:\\\/\\\/www.sonnevillas.com\\\/blog\\\/menorca-en-mayo-la-guia-completa-tiempo-playas-y-consejos\\\/#breadcrumb\"},\"inLanguage\":\"es\",\"potentialAction\":[{\"@type\":\"ReadAction\",\"target\":[\"https:\\\/\\\/www.sonnevillas.com\\\/blog\\\/menorca-en-mayo-la-guia-completa-tiempo-playas-y-consejos\\\/\"]}]},{\"@type\":\"ImageObject\",\"inLanguage\":\"es\",\"@id\":\"https:\\\/\\\/www.sonnevillas.com\\\/blog\\\/menorca-en-mayo-la-guia-completa-tiempo-playas-y-consejos\\\/#primaryimage\",\"url\":\"https:\\\/\\\/www.sonnevillas.com\\\/blog\\\/wp-content\\\/uploads\\\/2024\\\/12\\\/bay-5632262_1920.jpg\",\"contentUrl\":\"https:\\\/\\\/www.sonnevillas.com\\\/blog\\\/wp-content\\\/uploads\\\/2024\\\/12\\\/bay-5632262_1920.jpg\",\"width\":1920,\"height\":1439},{\"@type\":\"BreadcrumbList\",\"@id\":\"https:\\\/\\\/www.sonnevillas.com\\\/blog\\\/menorca-en-mayo-la-guia-completa-tiempo-playas-y-consejos\\\/#breadcrumb\",\"itemListElement\":[{\"@type\":\"ListItem\",\"position\":1,\"name\":\"Portada\",\"item\":\"https:\\\/\\\/www.sonnevillas.com\\\/blog\\\/\"},{\"@type\":\"ListItem\",\"position\":2,\"name\":\"Menorca en mayo: la gu\u00eda completa (tiempo, playas y consejos)\"}]},{\"@type\":\"WebSite\",\"@id\":\"https:\\\/\\\/www.sonnevillas.com\\\/blog\\\/#website\",\"url\":\"https:\\\/\\\/www.sonnevillas.com\\\/blog\\\/\",\"name\":\"Blog\",\"description\":\"SonneVillas\",\"potentialAction\":[{\"@type\":\"SearchAction\",\"target\":{\"@type\":\"EntryPoint\",\"urlTemplate\":\"https:\\\/\\\/www.sonnevillas.com\\\/blog\\\/?s={search_term_string}\"},\"query-input\":{\"@type\":\"PropertyValueSpecification\",\"valueRequired\":true,\"valueName\":\"search_term_string\"}}],\"inLanguage\":\"es\"},{\"@type\":\"Person\",\"@id\":\"https:\\\/\\\/www.sonnevillas.com\\\/blog\\\/#\\\/schema\\\/person\\\/9ffed7521881a8e6f2446a03f1e3978a\",\"name\":\"sonnevillas\",\"image\":{\"@type\":\"ImageObject\",\"inLanguage\":\"es\",\"@id\":\"https:\\\/\\\/secure.gravatar.com\\\/avatar\\\/5b6e10531a703617cb3d4787bbea306c12ba0b63576de8d4a782ca99f9d6e622?s=96&d=mm&r=g\",\"url\":\"https:\\\/\\\/secure.gravatar.com\\\/avatar\\\/5b6e10531a703617cb3d4787bbea306c12ba0b63576de8d4a782ca99f9d6e622?s=96&d=mm&r=g\",\"contentUrl\":\"https:\\\/\\\/secure.gravatar.com\\\/avatar\\\/5b6e10531a703617cb3d4787bbea306c12ba0b63576de8d4a782ca99f9d6e622?s=96&d=mm&r=g\",\"caption\":\"sonnevillas\"},\"url\":\"https:\\\/\\\/www.sonnevillas.com\\\/blog\\\/author\\\/sonnevillas\\\/\"}]}<\/script>\n<!-- \/ Yoast SEO plugin. -->","yoast_head_json":{"title":"Menorca en mayo: la gu\u00eda completa (tiempo, playas y consejos) - Blog","robots":{"index":"index","follow":"follow","max-snippet":"max-snippet:-1","max-image-preview":"max-image-preview:large","max-video-preview":"max-video-preview:-1"},"canonical":"https:\/\/www.sonnevillas.com\/blog\/menorca-en-mayo-la-guia-completa-tiempo-playas-y-consejos\/","og_locale":"es_ES","og_type":"article","og_title":"Menorca en mayo: la gu\u00eda completa (tiempo, playas y consejos) - Blog","og_description":"Hay destinos que tienen su momento\u2026 y en el caso de Menorca, mayo es uno de los mejores. La isla...","og_url":"https:\/\/www.sonnevillas.com\/blog\/menorca-en-mayo-la-guia-completa-tiempo-playas-y-consejos\/","og_site_name":"Blog","article_published_time":"2026-04-27T15:49:08+00:00","article_modified_time":"2026-04-27T15:49:09+00:00","og_image":[{"width":1920,"height":1439,"url":"https:\/\/www.sonnevillas.com\/blog\/wp-content\/uploads\/2024\/12\/bay-5632262_1920.jpg","type":"image\/jpeg"}],"author":"sonnevillas","twitter_card":"summary_large_image","twitter_misc":{"Escrito por":"sonnevillas","Tiempo de lectura":"4 minutos"},"schema":{"@context":"https:\/\/schema.org","@graph":[{"@type":"Article","@id":"https:\/\/www.sonnevillas.com\/blog\/menorca-en-mayo-la-guia-completa-tiempo-playas-y-consejos\/#article","isPartOf":{"@id":"https:\/\/www.sonnevillas.com\/blog\/menorca-en-mayo-la-guia-completa-tiempo-playas-y-consejos\/"},"author":{"name":"sonnevillas","@id":"https:\/\/www.sonnevillas.com\/blog\/#\/schema\/person\/9ffed7521881a8e6f2446a03f1e3978a"},"headline":"Menorca en mayo: la gu\u00eda completa (tiempo, playas y consejos)","datePublished":"2026-04-27T15:49:08+00:00","dateModified":"2026-04-27T15:49:09+00:00","mainEntityOfPage":{"@id":"https:\/\/www.sonnevillas.com\/blog\/menorca-en-mayo-la-guia-completa-tiempo-playas-y-consejos\/"},"wordCount":668,"commentCount":0,"image":{"@id":"https:\/\/www.sonnevillas.com\/blog\/menorca-en-mayo-la-guia-completa-tiempo-playas-y-consejos\/#primaryimage"},"thumbnailUrl":"https:\/\/www.sonnevillas.com\/blog\/wp-content\/uploads\/2024\/12\/bay-5632262_1920.jpg","articleSection":["Sin categorizar"],"inLanguage":"es","potentialAction":[{"@type":"CommentAction","name":"Comment","target":["https:\/\/www.sonnevillas.com\/blog\/menorca-en-mayo-la-guia-completa-tiempo-playas-y-consejos\/#respond"]}]},{"@type":"WebPage","@id":"https:\/\/www.sonnevillas.com\/blog\/menorca-en-mayo-la-guia-completa-tiempo-playas-y-consejos\/","url":"https:\/\/www.sonnevillas.com\/blog\/menorca-en-mayo-la-guia-completa-tiempo-playas-y-consejos\/","name":"Menorca en mayo: la gu\u00eda completa (tiempo, playas y consejos) - Blog","isPartOf":{"@id":"https:\/\/www.sonnevillas.com\/blog\/#website"},"primaryImageOfPage":{"@id":"https:\/\/www.sonnevillas.com\/blog\/menorca-en-mayo-la-guia-completa-tiempo-playas-y-consejos\/#primaryimage"},"image":{"@id":"https:\/\/www.sonnevillas.com\/blog\/menorca-en-mayo-la-guia-completa-tiempo-playas-y-consejos\/#primaryimage"},"thumbnailUrl":"https:\/\/www.sonnevillas.com\/blog\/wp-content\/uploads\/2024\/12\/bay-5632262_1920.jpg","datePublished":"2026-04-27T15:49:08+00:00","dateModified":"2026-04-27T15:49:09+00:00","author":{"@id":"https:\/\/www.sonnevillas.com\/blog\/#\/schema\/person\/9ffed7521881a8e6f2446a03f1e3978a"},"breadcrumb":{"@id":"https:\/\/www.sonnevillas.com\/blog\/menorca-en-mayo-la-guia-completa-tiempo-playas-y-consejos\/#breadcrumb"},"inLanguage":"es","potentialAction":[{"@type":"ReadAction","target":["https:\/\/www.sonnevillas.com\/blog\/menorca-en-mayo-la-guia-completa-tiempo-playas-y-consejos\/"]}]},{"@type":"ImageObject","inLanguage":"es","@id":"https:\/\/www.sonnevillas.com\/blog\/menorca-en-mayo-la-guia-completa-tiempo-playas-y-consejos\/#primaryimage","url":"https:\/\/www.sonnevillas.com\/blog\/wp-content\/uploads\/2024\/12\/bay-5632262_1920.jpg","contentUrl":"https:\/\/www.sonnevillas.com\/blog\/wp-content\/uploads\/2024\/12\/bay-5632262_1920.jpg","width":1920,"height":1439},{"@type":"BreadcrumbList","@id":"https:\/\/www.sonnevillas.com\/blog\/menorca-en-mayo-la-guia-completa-tiempo-playas-y-consejos\/#breadcrumb","itemListElement":[{"@type":"ListItem","position":1,"name":"Portada","item":"https:\/\/www.sonnevillas.com\/blog\/"},{"@type":"ListItem","position":2,"name":"Menorca en mayo: la gu\u00eda completa (tiempo, playas y consejos)"}]},{"@type":"WebSite","@id":"https:\/\/www.sonnevillas.com\/blog\/#website","url":"https:\/\/www.sonnevillas.com\/blog\/","name":"Blog","description":"SonneVillas","potentialAction":[{"@type":"SearchAction","target":{"@type":"EntryPoint","urlTemplate":"https:\/\/www.sonnevillas.com\/blog\/?s={search_term_string}"},"query-input":{"@type":"PropertyValueSpecification","valueRequired":true,"valueName":"search_term_string"}}],"inLanguage":"es"},{"@type":"Person","@id":"https:\/\/www.sonnevillas.com\/blog\/#\/schema\/person\/9ffed7521881a8e6f2446a03f1e3978a","name":"sonnevillas","image":{"@type":"ImageObject","inLanguage":"es","@id":"https:\/\/secure.gravatar.com\/avatar\/5b6e10531a703617cb3d4787bbea306c12ba0b63576de8d4a782ca99f9d6e622?s=96&d=mm&r=g","url":"https:\/\/secure.gravatar.com\/avatar\/5b6e10531a703617cb3d4787bbea306c12ba0b63576de8d4a782ca99f9d6e622?s=96&d=mm&r=g","contentUrl":"https:\/\/secure.gravatar.com\/avatar\/5b6e10531a703617cb3d4787bbea306c12ba0b63576de8d4a782ca99f9d6e622?s=96&d=mm&r=g","caption":"sonnevillas"},"url":"https:\/\/www.sonnevillas.com\/blog\/author\/sonnevillas\/"}]}},"_links":{"self":[{"href":"https:\/\/www.sonnevillas.com\/blog\/wp-json\/wp\/v2\/posts\/692","targetHints":{"allow":["GET"]}}],"collection":[{"href":"https:\/\/www.sonnevillas.com\/blog\/wp-json\/wp\/v2\/posts"}],"about":[{"href":"https:\/\/www.sonnevillas.com\/blog\/wp-json\/wp\/v2\/types\/post"}],"author":[{"embeddable":true,"href":"https:\/\/www.sonnevillas.com\/blog\/wp-json\/wp\/v2\/users\/2"}],"replies":[{"embeddable":true,"href":"https:\/\/www.sonnevillas.com\/blog\/wp-json\/wp\/v2\/comments?post=692"}],"version-history":[{"count":1,"href":"https:\/\/www.sonnevillas.com\/blog\/wp-json\/wp\/v2\/posts\/692\/revisions"}],"predecessor-version":[{"id":693,"href":"https:\/\/www.sonnevillas.com\/blog\/wp-json\/wp\/v2\/posts\/692\/revisions\/693"}],"wp:featuredmedia":[{"embeddable":true,"href":"https:\/\/www.sonnevillas.com\/blog\/wp-json\/wp\/v2\/media\/600"}],"wp:attachment":[{"href":"https:\/\/www.sonnevillas.com\/blog\/wp-json\/wp\/v2\/media?parent=692"}],"wp:term":[{"taxonomy":"category","embeddable":true,"href":"https:\/\/www.sonnevillas.com\/blog\/wp-json\/wp\/v2\/categories?post=692"},{"taxonomy":"post_tag","embeddable":true,"href":"https:\/\/www.sonnevillas.com\/blog\/wp-json\/wp\/v2\/tags?post=692"}],"curies":[{"name":"wp","href":"https:\/\/api.w.org\/{rel}","templated":true}]}}